{"id":10399,"date":"2023-01-29T02:34:09","date_gmt":"2023-01-28T23:34:09","guid":{"rendered":"https:\/\/theworldinstamps.com\/?p=10399"},"modified":"2023-01-29T02:59:56","modified_gmt":"2023-01-28T23:59:56","slug":"averroes_ibn_rochd_espagne_1967","status":"publish","type":"post","link":"https:\/\/theworldinstamps.com\/?p=10399&lang=fr","title":{"rendered":"Averro\u00e8s ou Ibn Rochd philosophe Andalou: Espagne 1967"},"content":{"rendered":"\t\t<div data-elementor-type=\"wp-post\" data-elementor-id=\"10399\" class=\"elementor elementor-10399\">\n\t\t\t\t\t\t\t<div class=\"elementor-element elementor-element-1172465 e-flex e-con-boxed e-con e-parent\" data-id=\"1172465\" data-element_type=\"container\" data-settings=\"{&quot;content_width&quot;:&quot;boxed&quot;}\" data-core-v316-plus=\"true\">\n\t\t\t\t\t<div class=\"e-con-inner\">\n\t\t\t\t<div class=\"elementor-element elementor-element-f0fc605 elementor-widget elementor-widget-text-editor\" data-id=\"f0fc605\" data-element_type=\"widget\" data-widget_type=\"text-editor.default\">\n\t\t\t\t<div class=\"elementor-widget-container\">\n\t\t\t<style>\/*! elementor - v3.17.0 - 08-11-2023 *\/\n.elementor-widget-text-editor.elementor-drop-cap-view-stacked .elementor-drop-cap{background-color:#69727d;color:#fff}.elementor-widget-text-editor.elementor-drop-cap-view-framed .elementor-drop-cap{color:#69727d;border:3px solid;background-color:transparent}.elementor-widget-text-editor:not(.elementor-drop-cap-view-default) .elementor-drop-cap{margin-top:8px}.elementor-widget-text-editor:not(.elementor-drop-cap-view-default) .elementor-drop-cap-letter{width:1em;height:1em}.elementor-widget-text-editor .elementor-drop-cap{float:right;text-align:center;line-height:1;font-size:50px}.elementor-widget-text-editor .elementor-drop-cap-letter{display:inline-block}<\/style>\t\t\t\t<p>Averro\u00e8s ou Ibn Rochd <em>(en arabe)<\/em> (1126-1198 apr\u00e8s JC), \u00e9tait un philosophe, th\u00e9ologien et m\u00e9decin andalou-arabe du XIIe si\u00e8cle. Il est consid\u00e9r\u00e9 comme l&#8217;une des figures les plus influentes de l&#8217;histoire de la philosophie et de la pens\u00e9e islamique, ainsi que l&#8217;une des figures les plus importantes de la philosophie m\u00e9di\u00e9vale.<\/p><p>Averro\u00e8s est n\u00e9 \u00e0 Cordoue, en Espagne, en 1126 apr\u00e8s JC, dans une famille bien connue dans la ville pour son service public, en particulier dans les domaines juridique et religieux. Son grand-p\u00e8re\u00a0<a href=\"https:\/\/fr.wikipedia.org\/wiki\/Ibn_Ruchd_al-Gadd\" target=\"_blank\" rel=\"noopener\">Abu al-Walid Muhammad ibn Rochd (1058-1126)\u00a0<\/a>surnomm\u00e9 al-Jadd (&#8220;le grand-p\u00e8re&#8221;), a \u00e9t\u00e9 chef Qadi (juge) dans la ville de Cordoue et imam de <a href=\"https:\/\/fr.wikipedia.org\/wiki\/Mosqu%C3%A9e-cath%C3%A9drale_de_Cordoue\">la Grande Mosqu\u00e9e de Cordoue<\/a> sous <a href=\"https:\/\/theworldinstamps.com\/?p=8254&amp;lang=fr#:~:text=L%E2%80%99%C3%A8re%20Murabit%2C%2012%C3%A8me%20si%C3%A8cle\">les Almoravides<\/a>.<\/p><p>Il a \u00e9crit sur de nombreux sujets, notamment la philosophie, la th\u00e9ologie, la m\u00e9decine, l&#8217;astronomie, la physique, la psychologie, les math\u00e9matiques, la jurisprudence et le droit islamiques et la linguistique.<\/p><h2>Ses \u0153uvres:<\/h2><figure id=\"attachment_10389\" aria-describedby=\"caption-attachment-10389\" style=\"width: 316px\" class=\"wp-caption alignright\"><a href=\"https:\/\/i0.wp.com\/theworldinstamps.com\/wp-content\/uploads\/2023\/01\/Spain-1967-YT1444.jpg?ssl=1\"><img loading=\"lazy\" decoding=\"async\" src=\"https:\/\/i0.wp.com\/theworldinstamps.com\/wp-content\/uploads\/2023\/01\/Spain-1967-YT1444.jpg?resize=316%2C505&#038;ssl=1\" alt=\"Averroes or Ibn Rush on a Spanish stamp of 1967.\" width=\"316\" height=\"505\" data-recalc-dims=\"1\" \/><\/a><figcaption id=\"caption-attachment-10389\" class=\"wp-caption-text\">Averroes \/ Ibn Rochd sur un timbre espagnol de 1967.<\/figcaption><\/figure><p>Averro\u00e8s ou Ibn Rochd est l&#8217;auteur de plus de 108 livres et trait\u00e9s, mais seuls 58 existent aujourd&#8217;hui dans leur texte arabe original. Il est surtout connu pour ses commentaires et ses interpr\u00e9tations des \u0153uvres d&#8217;Aristote, qui ont eu une profonde influence sur la philosophie m\u00e9di\u00e9vale. Il a \u00e9crit des commentaires sur presque toutes les \u0153uvres d&#8217;Aristote, depuis les Cat\u00e9gories et la Po\u00e9tique jusqu&#8217;\u00e0 la M\u00e9taphysique et la Politique. Averro\u00e8s a \u00e9galement \u00e9crit sur des sujets tels que la loi islamique, la m\u00e9decine et l&#8217;astronomie, et a beaucoup \u00e9crit sur des sujets tels que la nature de Dieu, l&#8217;immortalit\u00e9 de l&#8217;\u00e2me, la cr\u00e9ation et le probl\u00e8me du mal.<\/p><p>Averro\u00e8s \u00e9tait un d\u00e9fenseur de la raison et de l&#8217;investigation empirique et croyait que les diff\u00e9rends philosophiques et th\u00e9ologiques devaient \u00eatre r\u00e9solus par des arguments et des preuves rationnels. Il a fait valoir que la raison et la foi n&#8217;\u00e9taient pas incompatibles et que la foi devait \u00eatre utilis\u00e9e pour soutenir et \u00e9tendre les conclusions de la raison. Il a fait valoir que la r\u00e9v\u00e9lation doit \u00eatre interpr\u00e9t\u00e9e \u00e0 la lumi\u00e8re de la raison et du monde naturel, et que les textes religieux ne doivent pas \u00eatre pris au pied de la lettre mais doivent \u00eatre interpr\u00e9t\u00e9s dans un cadre philosophique et rationnel.<\/p><p>Averro\u00e8s \u00e9tait une figure importante dans le d\u00e9veloppement de la pens\u00e9e philosophique \u00e0 l&#8217;\u00e9poque m\u00e9di\u00e9vale, et ses \u0153uvres ont eu une influence majeure sur le d\u00e9veloppement de la philosophie islamique et <a href=\"https:\/\/fr.wikipedia.org\/wiki\/Mo%C3%AFse_Ma%C3%AFmonide\">juive<\/a>. On se souvient de lui aujourd&#8217;hui comme l&#8217;un des plus grands philosophes, th\u00e9ologiens et scientifiques islamiques de l&#8217;\u00e9poque m\u00e9di\u00e9vale.<\/p><h2>Carri\u00e8re professionnelle:<\/h2><p>Averro\u00e8s avait de nombreux postes officiels dans <a href=\"https:\/\/theworldinstamps.com\/?p=8254&amp;lang=fr#:~:text=L%E2%80%99%C3%A9poque%20almohade%2C%20XIIIe%20si%C3%A8cle\">l&#8217;empire almohade<\/a> qui contr\u00f4lait <a href=\"https:\/\/theworldinstamps.com\/?p=10294&amp;lang=fr\">l&#8217;Andalousie<\/a>, <a href=\"https:\/\/theworldinstamps.com\/?page_id=2684&amp;lang=fr\">le Maroc<\/a> et d&#8217;autres parties de l&#8217;Afrique du Nord.<\/p><p>Averro\u00e8s est nomm\u00e9 cadi (juge) \u00e0 S\u00e9ville en 1969, puis dans sa Cordoue natale, en 1171. Malgr\u00e9 ses autres engagements et ses voyages dans l&#8217;empire almohade, son rythme d&#8217;\u00e9criture s&#8217;am\u00e9liore durant cette p\u00e9riode. Il a profit\u00e9 de ses voyages pour mener \u00e9galement des \u00e9tudes astronomiques. Au lieu de Cordoue, nombre de ses \u0153uvres cr\u00e9\u00e9es entre 1169 et 1179 \u00e9taient dat\u00e9es de S\u00e9ville. Il fut de nouveau nomm\u00e9 cadi \u00e0 S\u00e9ville en 1179. Il succ\u00e9da \u00e0 son ami <a href=\"https:\/\/fr.wikipedia.org\/wiki\/Ibn_Tufayl\">le philosophe et m\u00e9decin arabe Ibn Tufayl (1105-1185)<\/a> comme m\u00e9decin de la cour en 1182, et plus tard la m\u00eame ann\u00e9e, il fut choisi pour reprendre l&#8217;ancien poste de son grand-p\u00e8re en tant que chef cadi de Cordoue.<\/p><p>En raison de certaines consid\u00e9rations politiques, Averro\u00e8s a \u00e9t\u00e9 banni de la cour royale en 1995, et ses livres interdits et br\u00fbl\u00e9s. Plus tard, en 1997, il a \u00e9t\u00e9 r\u00e9admis \u00e0 la cour du calife almohade \u00e0 Marrakech, o\u00f9 il est d\u00e9c\u00e9d\u00e9 un an plus tard.<\/p><p><strong>R\u00e9f\u00e9rence catalogue\u00a0:<\/strong>\u00a0Yvert &amp; Tellier #1444<\/p><div>_______________<\/div><div><b>[pvcp_1]<\/b><\/div>\t\t\t\t\t\t<\/div>\n\t\t\t\t<\/div>\n\t\t\t\t\t<\/div>\n\t\t\t\t<\/div>\n\t\t\t\t\t\t\t<\/div>\n\t\t","protected":false},"excerpt":{"rendered":"<p>Averro\u00e8s (Ibn Rochd) \u00e9tait un philosophe, th\u00e9ologien et m\u00e9decin andalou-arabe du XIIe si\u00e8cle. Il est l&#8217;auteur de plus de 100 livres.<\/p>\n","protected":false},"author":1,"featured_media":10390,"comment_status":"open","ping_status":"open","sticky":false,"template":"","format":"standard","meta":{"om_disable_all_campaigns":false,"_monsterinsights_skip_tracking":false,"_monsterinsights_sitenote_active":false,"_monsterinsights_sitenote_note":"","_monsterinsights_sitenote_category":0,"_uf_show_specific_survey":0,"_uf_disable_surveys":false,"footnotes":""},"categories":[903],"tags":[],"class_list":["post-10399","post","type-post","status-publish","format-standard","has-post-thumbnail","hentry","category-espagne"],"yoast_head":"<!-- This site is optimized with the Yoast SEO plugin v20.7 - https:\/\/yoast.com\/wordpress\/plugins\/seo\/ -->\n<title>Averro\u00e8s ou Ibn Rochd philosophe Andalou: Espagne 1967 : The World In Stamps<\/title>\n<meta name=\"description\" content=\"Averro\u00e8s ou Ibn Rochd \u00e9tait un philosophe, th\u00e9ologien et m\u00e9decin andalou-arabe du XIIe si\u00e8cle. Il est l&#039;auteur de plus de 100 livres.\" \/>\n<meta name=\"robots\" content=\"index, follow, max-snippet:-1, max-image-preview:large, max-video-preview:-1\" \/>\n<link rel=\"canonical\" href=\"https:\/\/theworldinstamps.com\/?p=10399&lang=fr\" \/>\n<meta property=\"og:locale\" content=\"en_US\" \/>\n<meta property=\"og:type\" content=\"article\" \/>\n<meta property=\"og:title\" content=\"Averro\u00e8s ou Ibn Rochd philosophe Andalou: Espagne 1967 : The World In Stamps\" \/>\n<meta property=\"og:description\" content=\"Averro\u00e8s ou Ibn Rochd \u00e9tait un philosophe, th\u00e9ologien et m\u00e9decin andalou-arabe du XIIe si\u00e8cle. Il est l&#039;auteur de plus de 100 livres.\" \/>\n<meta property=\"og:url\" content=\"https:\/\/theworldinstamps.com\/?p=10399&amp;lang=fr\" \/>\n<meta property=\"og:site_name\" content=\"The World In Stamps\" \/>\n<meta property=\"article:publisher\" content=\"https:\/\/www.facebook.com\/TheWorldInStamps\" \/>\n<meta property=\"article:author\" content=\"https:\/\/www.facebook.com\/TheWorldInStamps\" \/>\n<meta property=\"article:published_time\" content=\"2023-01-28T23:34:09+00:00\" \/>\n<meta property=\"article:modified_time\" content=\"2023-01-28T23:59:56+00:00\" \/>\n<meta property=\"og:image\" content=\"https:\/\/theworldinstamps.com\/wp-content\/uploads\/2023\/01\/Spain-1967-YT1444_Icon.jpg\" \/>\n\t<meta property=\"og:image:width\" content=\"1200\" \/>\n\t<meta property=\"og:image:height\" content=\"900\" \/>\n\t<meta property=\"og:image:type\" content=\"image\/jpeg\" \/>\n<meta name=\"author\" content=\"TWinSAdmin\" \/>\n<meta name=\"twitter:card\" content=\"summary_large_image\" \/>\n<meta name=\"twitter:creator\" content=\"@https:\/\/twitter.com\/stamps_world\" \/>\n<meta name=\"twitter:site\" content=\"@stamps_world\" \/>\n<meta name=\"twitter:label1\" content=\"Written by\" \/>\n\t<meta name=\"twitter:data1\" content=\"TWinSAdmin\" \/>\n\t<meta name=\"twitter:label2\" content=\"Est. reading time\" \/>\n\t<meta name=\"twitter:data2\" content=\"3 minutes\" \/>\n<script type=\"application\/ld+json\" class=\"yoast-schema-graph\">{\"@context\":\"https:\/\/schema.org\",\"@graph\":[{\"@type\":\"Article\",\"@id\":\"https:\/\/theworldinstamps.com\/?p=10399&lang=fr#article\",\"isPartOf\":{\"@id\":\"https:\/\/theworldinstamps.com\/?p=10399&lang=fr\"},\"author\":{\"name\":\"TWinSAdmin\",\"@id\":\"https:\/\/theworldinstamps.com\/#\/schema\/person\/c0611d31792a5362356c7b1e1c4a0f17\"},\"headline\":\"Averro\u00e8s ou Ibn Rochd philosophe Andalou: Espagne 1967\",\"datePublished\":\"2023-01-28T23:34:09+00:00\",\"dateModified\":\"2023-01-28T23:59:56+00:00\",\"mainEntityOfPage\":{\"@id\":\"https:\/\/theworldinstamps.com\/?p=10399&lang=fr\"},\"wordCount\":685,\"commentCount\":0,\"publisher\":{\"@id\":\"https:\/\/theworldinstamps.com\/#\/schema\/person\/c0611d31792a5362356c7b1e1c4a0f17\"},\"articleSection\":[\"Espagne\"],\"inLanguage\":\"en-US\",\"potentialAction\":[{\"@type\":\"CommentAction\",\"name\":\"Comment\",\"target\":[\"https:\/\/theworldinstamps.com\/?p=10399&lang=fr#respond\"]}]},{\"@type\":\"WebPage\",\"@id\":\"https:\/\/theworldinstamps.com\/?p=10399&lang=fr\",\"url\":\"https:\/\/theworldinstamps.com\/?p=10399&lang=fr\",\"name\":\"Averro\u00e8s ou Ibn Rochd philosophe Andalou: Espagne 1967 : The World In Stamps\",\"isPartOf\":{\"@id\":\"https:\/\/theworldinstamps.com\/#website\"},\"datePublished\":\"2023-01-28T23:34:09+00:00\",\"dateModified\":\"2023-01-28T23:59:56+00:00\",\"description\":\"Averro\u00e8s ou Ibn Rochd \u00e9tait un philosophe, th\u00e9ologien et m\u00e9decin andalou-arabe du XIIe si\u00e8cle. Il est l'auteur de plus de 100 livres.\",\"breadcrumb\":{\"@id\":\"https:\/\/theworldinstamps.com\/?p=10399&lang=fr#breadcrumb\"},\"inLanguage\":\"en-US\",\"potentialAction\":[{\"@type\":\"ReadAction\",\"target\":[\"https:\/\/theworldinstamps.com\/?p=10399&lang=fr\"]}]},{\"@type\":\"BreadcrumbList\",\"@id\":\"https:\/\/theworldinstamps.com\/?p=10399&lang=fr#breadcrumb\",\"itemListElement\":[{\"@type\":\"ListItem\",\"position\":1,\"name\":\"Home\",\"item\":\"https:\/\/theworldinstamps.com\/?lang=ar\"},{\"@type\":\"ListItem\",\"position\":2,\"name\":\"Averro\u00e8s ou Ibn Rochd philosophe Andalou: Espagne 1967\"}]},{\"@type\":\"WebSite\",\"@id\":\"https:\/\/theworldinstamps.com\/#website\",\"url\":\"https:\/\/theworldinstamps.com\/\",\"name\":\"The World In Stamps\",\"description\":\"A journey in a stamps collection\",\"publisher\":{\"@id\":\"https:\/\/theworldinstamps.com\/#\/schema\/person\/c0611d31792a5362356c7b1e1c4a0f17\"},\"potentialAction\":[{\"@type\":\"SearchAction\",\"target\":{\"@type\":\"EntryPoint\",\"urlTemplate\":\"https:\/\/theworldinstamps.com\/?s={search_term_string}\"},\"query-input\":\"required name=search_term_string\"}],\"inLanguage\":\"en-US\"},{\"@type\":[\"Person\",\"Organization\"],\"@id\":\"https:\/\/theworldinstamps.com\/#\/schema\/person\/c0611d31792a5362356c7b1e1c4a0f17\",\"name\":\"TWinSAdmin\",\"image\":{\"@type\":\"ImageObject\",\"inLanguage\":\"en-US\",\"@id\":\"https:\/\/theworldinstamps.com\/#\/schema\/person\/image\/\",\"url\":\"https:\/\/i0.wp.com\/theworldinstamps.com\/wp-content\/uploads\/2020\/07\/Site_Icon5-1.png?fit=512%2C512&ssl=1\",\"contentUrl\":\"https:\/\/i0.wp.com\/theworldinstamps.com\/wp-content\/uploads\/2020\/07\/Site_Icon5-1.png?fit=512%2C512&ssl=1\",\"width\":512,\"height\":512,\"caption\":\"TWinSAdmin\"},\"logo\":{\"@id\":\"https:\/\/theworldinstamps.com\/#\/schema\/person\/image\/\"},\"sameAs\":[\"https:\/\/www.facebook.com\/TheWorldInStamps\",\"https:\/\/www.pinterest.fr\/safwanq\/\",\"https:\/\/twitter.com\/https:\/\/twitter.com\/stamps_world\"],\"url\":\"https:\/\/theworldinstamps.com\/?author=1\"}]}<\/script>\n<!-- \/ Yoast SEO plugin. -->","yoast_head_json":{"title":"Averro\u00e8s ou Ibn Rochd philosophe Andalou: Espagne 1967 : The World In Stamps","description":"Averro\u00e8s ou Ibn Rochd \u00e9tait un philosophe, th\u00e9ologien et m\u00e9decin andalou-arabe du XIIe si\u00e8cle. Il est l'auteur de plus de 100 livres.","robots":{"index":"index","follow":"follow","max-snippet":"max-snippet:-1","max-image-preview":"max-image-preview:large","max-video-preview":"max-video-preview:-1"},"canonical":"https:\/\/theworldinstamps.com\/?p=10399&lang=fr","og_locale":"en_US","og_type":"article","og_title":"Averro\u00e8s ou Ibn Rochd philosophe Andalou: Espagne 1967 : The World In Stamps","og_description":"Averro\u00e8s ou Ibn Rochd \u00e9tait un philosophe, th\u00e9ologien et m\u00e9decin andalou-arabe du XIIe si\u00e8cle. Il est l'auteur de plus de 100 livres.","og_url":"https:\/\/theworldinstamps.com\/?p=10399&lang=fr","og_site_name":"The World In Stamps","article_publisher":"https:\/\/www.facebook.com\/TheWorldInStamps","article_author":"https:\/\/www.facebook.com\/TheWorldInStamps","article_published_time":"2023-01-28T23:34:09+00:00","article_modified_time":"2023-01-28T23:59:56+00:00","og_image":[{"width":1200,"height":900,"url":"https:\/\/theworldinstamps.com\/wp-content\/uploads\/2023\/01\/Spain-1967-YT1444_Icon.jpg","type":"image\/jpeg"}],"author":"TWinSAdmin","twitter_card":"summary_large_image","twitter_creator":"@https:\/\/twitter.com\/stamps_world","twitter_site":"@stamps_world","twitter_misc":{"Written by":"TWinSAdmin","Est. reading time":"3 minutes"},"schema":{"@context":"https:\/\/schema.org","@graph":[{"@type":"Article","@id":"https:\/\/theworldinstamps.com\/?p=10399&lang=fr#article","isPartOf":{"@id":"https:\/\/theworldinstamps.com\/?p=10399&lang=fr"},"author":{"name":"TWinSAdmin","@id":"https:\/\/theworldinstamps.com\/#\/schema\/person\/c0611d31792a5362356c7b1e1c4a0f17"},"headline":"Averro\u00e8s ou Ibn Rochd philosophe Andalou: Espagne 1967","datePublished":"2023-01-28T23:34:09+00:00","dateModified":"2023-01-28T23:59:56+00:00","mainEntityOfPage":{"@id":"https:\/\/theworldinstamps.com\/?p=10399&lang=fr"},"wordCount":685,"commentCount":0,"publisher":{"@id":"https:\/\/theworldinstamps.com\/#\/schema\/person\/c0611d31792a5362356c7b1e1c4a0f17"},"articleSection":["Espagne"],"inLanguage":"en-US","potentialAction":[{"@type":"CommentAction","name":"Comment","target":["https:\/\/theworldinstamps.com\/?p=10399&lang=fr#respond"]}]},{"@type":"WebPage","@id":"https:\/\/theworldinstamps.com\/?p=10399&lang=fr","url":"https:\/\/theworldinstamps.com\/?p=10399&lang=fr","name":"Averro\u00e8s ou Ibn Rochd philosophe Andalou: Espagne 1967 : The World In Stamps","isPartOf":{"@id":"https:\/\/theworldinstamps.com\/#website"},"datePublished":"2023-01-28T23:34:09+00:00","dateModified":"2023-01-28T23:59:56+00:00","description":"Averro\u00e8s ou Ibn Rochd \u00e9tait un philosophe, th\u00e9ologien et m\u00e9decin andalou-arabe du XIIe si\u00e8cle. Il est l'auteur de plus de 100 livres.","breadcrumb":{"@id":"https:\/\/theworldinstamps.com\/?p=10399&lang=fr#breadcrumb"},"inLanguage":"en-US","potentialAction":[{"@type":"ReadAction","target":["https:\/\/theworldinstamps.com\/?p=10399&lang=fr"]}]},{"@type":"BreadcrumbList","@id":"https:\/\/theworldinstamps.com\/?p=10399&lang=fr#breadcrumb","itemListElement":[{"@type":"ListItem","position":1,"name":"Home","item":"https:\/\/theworldinstamps.com\/?lang=ar"},{"@type":"ListItem","position":2,"name":"Averro\u00e8s ou Ibn Rochd philosophe Andalou: Espagne 1967"}]},{"@type":"WebSite","@id":"https:\/\/theworldinstamps.com\/#website","url":"https:\/\/theworldinstamps.com\/","name":"The World In Stamps","description":"A journey in a stamps collection","publisher":{"@id":"https:\/\/theworldinstamps.com\/#\/schema\/person\/c0611d31792a5362356c7b1e1c4a0f17"},"potentialAction":[{"@type":"SearchAction","target":{"@type":"EntryPoint","urlTemplate":"https:\/\/theworldinstamps.com\/?s={search_term_string}"},"query-input":"required name=search_term_string"}],"inLanguage":"en-US"},{"@type":["Person","Organization"],"@id":"https:\/\/theworldinstamps.com\/#\/schema\/person\/c0611d31792a5362356c7b1e1c4a0f17","name":"TWinSAdmin","image":{"@type":"ImageObject","inLanguage":"en-US","@id":"https:\/\/theworldinstamps.com\/#\/schema\/person\/image\/","url":"https:\/\/i0.wp.com\/theworldinstamps.com\/wp-content\/uploads\/2020\/07\/Site_Icon5-1.png?fit=512%2C512&ssl=1","contentUrl":"https:\/\/i0.wp.com\/theworldinstamps.com\/wp-content\/uploads\/2020\/07\/Site_Icon5-1.png?fit=512%2C512&ssl=1","width":512,"height":512,"caption":"TWinSAdmin"},"logo":{"@id":"https:\/\/theworldinstamps.com\/#\/schema\/person\/image\/"},"sameAs":["https:\/\/www.facebook.com\/TheWorldInStamps","https:\/\/www.pinterest.fr\/safwanq\/","https:\/\/twitter.com\/https:\/\/twitter.com\/stamps_world"],"url":"https:\/\/theworldinstamps.com\/?author=1"}]}},"jetpack_featured_media_url":"https:\/\/i0.wp.com\/theworldinstamps.com\/wp-content\/uploads\/2023\/01\/Spain-1967-YT1444_Icon.jpg?fit=1200%2C900&ssl=1","jetpack-related-posts":[{"id":8254,"url":"https:\/\/theworldinstamps.com\/?p=8254&lang=fr","url_meta":{"origin":10399,"position":0},"title":"Monnaies marocaines du IXe au XVIIIe si\u00e8cle : 1968","date":"September 13, 2022","format":false,"excerpt":"Ces 4 timbres repr\u00e9sentent des vieilles pi\u00e8ces de monnaie marocaines \u00e9mises \u00e0 diff\u00e9rentes \u00e9poques par diff\u00e9rentes dynasties gouvernantes.","rel":"","context":"In &quot;Maroc&quot;","img":{"alt_text":"Old Moroccan coins","src":"https:\/\/i0.wp.com\/theworldinstamps.com\/wp-content\/uploads\/2022\/09\/Morocco-1968-YT-578-581-2.jpg?fit=1200%2C800&ssl=1&resize=350%2C200","width":350,"height":200},"classes":[]},{"id":10294,"url":"https:\/\/theworldinstamps.com\/?p=10294&lang=fr","url_meta":{"origin":10399,"position":1},"title":"L&#8217;Alcazar de S\u00e9govie, un ch\u00e2teau arabe en Espagne : 1966","date":"January 6, 2023","format":false,"excerpt":"L'Alcazar de S\u00e9govie est un ch\u00e2teau m\u00e9di\u00e9val construit \u00e0 l'\u00e9poque islamique en Espagne. Il est situ\u00e9 dans les provinces de Castille et Le\u00f3n.","rel":"","context":"In &quot;Espagne&quot;","img":{"alt_text":"Alc\u00e1zar of Segovia","src":"https:\/\/i0.wp.com\/theworldinstamps.com\/wp-content\/uploads\/2023\/01\/Spain-1966-YT-1394_Icon.jpg?fit=1200%2C900&ssl=1&resize=350%2C200","width":350,"height":200},"classes":[]},{"id":6263,"url":"https:\/\/theworldinstamps.com\/?p=6263&lang=fr","url_meta":{"origin":10399,"position":2},"title":"L&#8217;architecture islamique \u00e0 Samarcande\u00a0: Union sovi\u00e9tique, 1963","date":"June 13, 2022","format":false,"excerpt":"En 1963, l'Union sovi\u00e9tique a \u00e9mis trois timbres sur l'architecture islamique \u00e0 Samarcande, une ville situ\u00e9e en aujourd'hui en Ouzb\u00e9kistan.","rel":"","context":"In &quot;URSS&quot;","img":{"alt_text":"Samarkand-Icon","src":"https:\/\/i0.wp.com\/theworldinstamps.com\/wp-content\/uploads\/2022\/06\/URSS-1963-YT-2738-2740-Samarcand-4.jpg?fit=675%2C450&ssl=1&resize=350%2C200","width":350,"height":200},"classes":[]},{"id":12002,"url":"https:\/\/theworldinstamps.com\/?p=12002&lang=fr","url_meta":{"origin":10399,"position":3},"title":"Kairouan, la capitale spirituelle de la Tunisie : 1975","date":"December 1, 2024","format":false,"excerpt":"Kairouan, la capitale spirituelle de la Tunisie, est connue pour son patrimoine religieux et sa profonde influence culturelle.","rel":"","context":"In &quot;Tunisie&quot;","img":{"alt_text":"Kairouan, the spiritual capital of Tunisia: 1975 (Y&T 810) - Icon","src":"https:\/\/i0.wp.com\/theworldinstamps.com\/wp-content\/uploads\/2024\/10\/Tunisia-1975-YT-810-Icon.jpg?fit=700%2C600&ssl=1&resize=350%2C200","width":350,"height":200},"classes":[]},{"id":4012,"url":"https:\/\/theworldinstamps.com\/?p=4012&lang=fr","url_meta":{"origin":10399,"position":4},"title":"Monuments de la ville du Caire en timbres 1969","date":"July 19, 2021","format":false,"excerpt":"Cette s\u00e9rie de timbres a \u00e9t\u00e9 \u00e9mise en 1969 pour comm\u00e9morer le mill\u00e9naire de la ville du Caire. Les timbres montrent des monuments de la ville","rel":"","context":"In &quot;Egypt&quot;","img":{"alt_text":"Commemoration of the millenium of Cairo","src":"https:\/\/i0.wp.com\/theworldinstamps.com\/wp-content\/uploads\/2021\/07\/Egypt-1969-YT787-789-Icon1-1.png?fit=450%2C390&ssl=1&resize=350%2C200","width":350,"height":200},"classes":[]},{"id":7105,"url":"https:\/\/theworldinstamps.com\/?p=7105&lang=fr","url_meta":{"origin":10399,"position":5},"title":"Le po\u00e8te et diplomate syrien Omar Abu Reisheh : 2005","date":"July 23, 2022","format":false,"excerpt":"En 2005, la poste syrienne a \u00e9mis une s\u00e9rie de 3 timbres sur les \u00e9crivains syriens modernes. Ce timbre repr\u00e9sente le po\u00e8te Omar Abu Reisheh,","rel":"","context":"In &quot;Syrie&quot;","img":{"alt_text":"Poet And Diplomat Omar Abu Reisheh","src":"https:\/\/i0.wp.com\/theworldinstamps.com\/wp-content\/uploads\/2022\/07\/Syria-2005_Omar_abu_Reisheh_Icon.jpg?fit=800%2C600&ssl=1&resize=350%2C200","width":350,"height":200},"classes":[]}],"_links":{"self":[{"href":"https:\/\/theworldinstamps.com\/index.php?rest_route=\/wp\/v2\/posts\/10399","targetHints":{"allow":["GET"]}}],"collection":[{"href":"https:\/\/theworldinstamps.com\/index.php?rest_route=\/wp\/v2\/posts"}],"about":[{"href":"https:\/\/theworldinstamps.com\/index.php?rest_route=\/wp\/v2\/types\/post"}],"author":[{"embeddable":true,"href":"https:\/\/theworldinstamps.com\/index.php?rest_route=\/wp\/v2\/users\/1"}],"replies":[{"embeddable":true,"href":"https:\/\/theworldinstamps.com\/index.php?rest_route=%2Fwp%2Fv2%2Fcomments&post=10399"}],"version-history":[{"count":13,"href":"https:\/\/theworldinstamps.com\/index.php?rest_route=\/wp\/v2\/posts\/10399\/revisions"}],"predecessor-version":[{"id":10433,"href":"https:\/\/theworldinstamps.com\/index.php?rest_route=\/wp\/v2\/posts\/10399\/revisions\/10433"}],"wp:featuredmedia":[{"embeddable":true,"href":"https:\/\/theworldinstamps.com\/index.php?rest_route=\/wp\/v2\/media\/10390"}],"wp:attachment":[{"href":"https:\/\/theworldinstamps.com\/index.php?rest_route=%2Fwp%2Fv2%2Fmedia&parent=10399"}],"wp:term":[{"taxonomy":"category","embeddable":true,"href":"https:\/\/theworldinstamps.com\/index.php?rest_route=%2Fwp%2Fv2%2Fcategories&post=10399"},{"taxonomy":"post_tag","embeddable":true,"href":"https:\/\/theworldinstamps.com\/index.php?rest_route=%2Fwp%2Fv2%2Ftags&post=10399"}],"curies":[{"name":"wp","href":"https:\/\/api.w.org\/{rel}","templated":true}]}}