{"id":1801,"date":"2020-02-05T03:48:48","date_gmt":"2020-02-05T00:48:48","guid":{"rendered":"http:\/\/theworldinstamps.com\/?p=1801"},"modified":"2020-02-05T23:02:01","modified_gmt":"2020-02-05T20:02:01","slug":"republique-arabe-unie-1962-charte-de-casablanca","status":"publish","type":"post","link":"https:\/\/theworldinstamps.com\/?p=1801&lang=fr","title":{"rendered":"R\u00e9publique arabe unie 1962: Charte de Casablanca"},"content":{"rendered":"\t\t<div data-elementor-type=\"wp-post\" data-elementor-id=\"1801\" class=\"elementor elementor-1801\">\n\t\t\t\t\t\t\t\t\t<section class=\"elementor-section elementor-top-section elementor-element elementor-element-4176021 elementor-section-boxed elementor-section-height-default elementor-section-height-default\" data-id=\"4176021\" data-element_type=\"section\">\n\t\t\t\t\t\t<div class=\"elementor-container elementor-column-gap-default\">\n\t\t\t\t\t<div class=\"elementor-column elementor-col-100 elementor-top-column elementor-element elementor-element-7a6d0e1\" data-id=\"7a6d0e1\" data-element_type=\"column\">\n\t\t\t<div class=\"elementor-widget-wrap elementor-element-populated\">\n\t\t\t\t\t\t\t\t<div class=\"elementor-element elementor-element-00936a7 elementor-widget elementor-widget-text-editor\" data-id=\"00936a7\" data-element_type=\"widget\" data-widget_type=\"text-editor.default\">\n\t\t\t\t<div class=\"elementor-widget-container\">\n\t\t\t<style>\/*! elementor - v3.17.0 - 08-11-2023 *\/\n.elementor-widget-text-editor.elementor-drop-cap-view-stacked .elementor-drop-cap{background-color:#69727d;color:#fff}.elementor-widget-text-editor.elementor-drop-cap-view-framed .elementor-drop-cap{color:#69727d;border:3px solid;background-color:transparent}.elementor-widget-text-editor:not(.elementor-drop-cap-view-default) .elementor-drop-cap{margin-top:8px}.elementor-widget-text-editor:not(.elementor-drop-cap-view-default) .elementor-drop-cap-letter{width:1em;height:1em}.elementor-widget-text-editor .elementor-drop-cap{float:right;text-align:center;line-height:1;font-size:50px}.elementor-widget-text-editor .elementor-drop-cap-letter{display:inline-block}<\/style>\t\t\t\t<p>Du 4 au 7 janvier 1962, \u00e0 l&#8217;invitation du roi Mohammed V, une conf\u00e9rence s&#8217;est tenue \u00e0 Casablanca, en pr\u00e9sence des repr\u00e9sentants d&#8217;un certain nombre de pays africains pour discuter des conditions politiques, \u00e9conomiques et sociales de l&#8217;Afrique qui avaient commenc\u00e9 \u00e0 sortir du colonialisme.<img loading=\"lazy\" decoding=\"async\" class=\"alignleft\" src=\"https:\/\/i0.wp.com\/theworldinstamps.com\/wp-content\/uploads\/2020\/02\/UAR-1962-King-Mohammad-V.jpg?resize=249%2C384\" alt=\"King Mohammad V\" width=\"249\" height=\"384\" data-recalc-dims=\"1\" \/><\/p><p>La conf\u00e9rence a r\u00e9uni des dirigeants et des repr\u00e9sentants de sept pays africains: le pr\u00e9sident \u00e9gyptien Gamal Abdel Nasser de la R\u00e9publique arabe unie, le pr\u00e9sident du Ghana, Kwame Nkrumah, le pr\u00e9sident du Mali Madibo Keita, le pr\u00e9sident de la Guin\u00e9e Conakry Amadou S\u00e9kou Tour\u00e9, Farhat Abbas, repr\u00e9sentant le gouvernement provisoir du Front de lib\u00e9ration nationale alg\u00e9rien Et Abdul Qadir Allam, repr\u00e9sentant du roi Libye Idriss Ier.<\/p><p>Cette conf\u00e9rence a abouti \u00e0 l&#8217;adoption du la charte de Casablanca, en tant que cadre d&#8217;action commune pour atteindre les objectifs africains de construire des syst\u00e8mes nationaux sans domination coloniale et capables de lutter contre l&#8217;analphab\u00e9tisme et la pauvret\u00e9, et de r\u00e9aliser le d\u00e9veloppement \u00e9conomique au profit des peuples africains. La charte appelait \u00e0 l&#8217;adoption d&#8217;une politique non align\u00e9e.<\/p><p>La charte de Casablanca est consid\u00e9r\u00e9e comme l&#8217;un des premiers signes d&#8217;une action africaine commune avant la cr\u00e9ation de l&#8217;Organisation de l&#8217;unit\u00e9 africaine.<\/p><p>\u00c0 l&#8217;occasion du premier anniversaire de la conf\u00e9rence et de la Charte de Casablanca, la R\u00e9publique arabe unie a \u00e9mis un timbre comm\u00e9moratif de 10 millilitres en 1962.n presence<\/p><p>\u00a0<\/p>\t\t\t\t\t\t<\/div>\n\t\t\t\t<\/div>\n\t\t\t\t\t<\/div>\n\t\t<\/div>\n\t\t\t\t\t\t\t<\/div>\n\t\t<\/section>\n\t\t\t\t\t\t\t<\/div>\n\t\t","protected":false},"excerpt":{"rendered":"<p>Du 4 au 7 janvier 1962, \u00e0 l&#8217;invitation du roi Mohammed V, une conf\u00e9rence s&#8217;est tenue \u00e0 Casablanca, en pr\u00e9sence des repr\u00e9sentants d&#8217;un certain nombre de pays africains pour discuter des conditions politiques, \u00e9conomiques et sociales de l&#8217;Afrique qui avaient commenc\u00e9 \u00e0 sortir du colonialisme. La conf\u00e9rence a r\u00e9uni des dirigeants et des repr\u00e9sentants de [&hellip;]<\/p>\n","protected":false},"author":1,"featured_media":1793,"comment_status":"open","ping_status":"open","sticky":true,"template":"","format":"standard","meta":{"om_disable_all_campaigns":false,"_monsterinsights_skip_tracking":false,"_monsterinsights_sitenote_active":false,"_monsterinsights_sitenote_note":"","_monsterinsights_sitenote_category":0,"_uf_show_specific_survey":0,"_uf_disable_surveys":false,"footnotes":""},"categories":[259,298,307],"tags":[363,362,364],"class_list":["post-1801","post","type-post","status-publish","format-standard","has-post-thumbnail","hentry","category-egypt-fr","category-morocco-fr","category-united-arab-republic-fr","tag-afrique","tag-charte","tag-cooperation"],"yoast_head":"<!-- This site is optimized with the Yoast SEO plugin v20.7 - https:\/\/yoast.com\/wordpress\/plugins\/seo\/ -->\n<title>R\u00e9publique arabe unie 1962: Charte de Casablanca : The World In Stamps<\/title>\n<meta name=\"robots\" content=\"index, follow, max-snippet:-1, max-image-preview:large, max-video-preview:-1\" \/>\n<link rel=\"canonical\" href=\"https:\/\/theworldinstamps.com\/?p=1801&lang=fr\" \/>\n<meta property=\"og:locale\" content=\"en_US\" \/>\n<meta property=\"og:type\" content=\"article\" \/>\n<meta property=\"og:title\" content=\"R\u00e9publique arabe unie 1962: Charte de Casablanca : The World In Stamps\" \/>\n<meta property=\"og:description\" content=\"Du 4 au 7 janvier 1962, \u00e0 l&#8217;invitation du roi Mohammed V, une conf\u00e9rence s&#8217;est tenue \u00e0 Casablanca, en pr\u00e9sence des repr\u00e9sentants d&#8217;un certain nombre de pays africains pour discuter des conditions politiques, \u00e9conomiques et sociales de l&#8217;Afrique qui avaient commenc\u00e9 \u00e0 sortir du colonialisme. La conf\u00e9rence a r\u00e9uni des dirigeants et des repr\u00e9sentants de [&hellip;]\" \/>\n<meta property=\"og:url\" content=\"https:\/\/theworldinstamps.com\/?p=1801&amp;lang=fr\" \/>\n<meta property=\"og:site_name\" content=\"The World In Stamps\" \/>\n<meta property=\"article:publisher\" content=\"https:\/\/www.facebook.com\/TheWorldInStamps\" \/>\n<meta property=\"article:author\" content=\"https:\/\/www.facebook.com\/TheWorldInStamps\" \/>\n<meta property=\"article:published_time\" content=\"2020-02-05T00:48:48+00:00\" \/>\n<meta property=\"article:modified_time\" content=\"2020-02-05T20:02:01+00:00\" \/>\n<meta property=\"og:image\" content=\"https:\/\/i0.wp.com\/theworldinstamps.com\/wp-content\/uploads\/2020\/02\/UAR-1962-King-Mohammad-V-Icon.jpg?fit=430%2C300&ssl=1\" \/>\n\t<meta property=\"og:image:width\" content=\"430\" \/>\n\t<meta property=\"og:image:height\" content=\"300\" \/>\n\t<meta property=\"og:image:type\" content=\"image\/jpeg\" \/>\n<meta name=\"author\" content=\"TWinSAdmin\" \/>\n<meta name=\"twitter:card\" content=\"summary_large_image\" \/>\n<meta name=\"twitter:creator\" content=\"@https:\/\/twitter.com\/stamps_world\" \/>\n<meta name=\"twitter:site\" content=\"@stamps_world\" \/>\n<meta name=\"twitter:label1\" content=\"Written by\" \/>\n\t<meta name=\"twitter:data1\" content=\"TWinSAdmin\" \/>\n\t<meta name=\"twitter:label2\" content=\"Est. reading time\" \/>\n\t<meta name=\"twitter:data2\" content=\"1 minute\" \/>\n<script type=\"application\/ld+json\" class=\"yoast-schema-graph\">{\"@context\":\"https:\/\/schema.org\",\"@graph\":[{\"@type\":\"Article\",\"@id\":\"https:\/\/theworldinstamps.com\/?p=1801&lang=fr#article\",\"isPartOf\":{\"@id\":\"https:\/\/theworldinstamps.com\/?p=1801&lang=fr\"},\"author\":{\"name\":\"TWinSAdmin\",\"@id\":\"https:\/\/theworldinstamps.com\/#\/schema\/person\/c0611d31792a5362356c7b1e1c4a0f17\"},\"headline\":\"R\u00e9publique arabe unie 1962: Charte de Casablanca\",\"datePublished\":\"2020-02-05T00:48:48+00:00\",\"dateModified\":\"2020-02-05T20:02:01+00:00\",\"mainEntityOfPage\":{\"@id\":\"https:\/\/theworldinstamps.com\/?p=1801&lang=fr\"},\"wordCount\":249,\"commentCount\":0,\"publisher\":{\"@id\":\"https:\/\/theworldinstamps.com\/#\/schema\/person\/c0611d31792a5362356c7b1e1c4a0f17\"},\"keywords\":[\"Afrique\",\"Charte\",\"Cooperation\"],\"articleSection\":[\"Egypt\",\"Maroc\",\"Republique Arabe Unie\"],\"inLanguage\":\"en-US\",\"potentialAction\":[{\"@type\":\"CommentAction\",\"name\":\"Comment\",\"target\":[\"https:\/\/theworldinstamps.com\/?p=1801&lang=fr#respond\"]}]},{\"@type\":\"WebPage\",\"@id\":\"https:\/\/theworldinstamps.com\/?p=1801&lang=fr\",\"url\":\"https:\/\/theworldinstamps.com\/?p=1801&lang=fr\",\"name\":\"R\u00e9publique arabe unie 1962: Charte de Casablanca : The World In Stamps\",\"isPartOf\":{\"@id\":\"https:\/\/theworldinstamps.com\/#website\"},\"datePublished\":\"2020-02-05T00:48:48+00:00\",\"dateModified\":\"2020-02-05T20:02:01+00:00\",\"breadcrumb\":{\"@id\":\"https:\/\/theworldinstamps.com\/?p=1801&lang=fr#breadcrumb\"},\"inLanguage\":\"en-US\",\"potentialAction\":[{\"@type\":\"ReadAction\",\"target\":[\"https:\/\/theworldinstamps.com\/?p=1801&lang=fr\"]}]},{\"@type\":\"BreadcrumbList\",\"@id\":\"https:\/\/theworldinstamps.com\/?p=1801&lang=fr#breadcrumb\",\"itemListElement\":[{\"@type\":\"ListItem\",\"position\":1,\"name\":\"Home\",\"item\":\"https:\/\/theworldinstamps.com\/?lang=ar\"},{\"@type\":\"ListItem\",\"position\":2,\"name\":\"R\u00e9publique arabe unie 1962: Charte de Casablanca\"}]},{\"@type\":\"WebSite\",\"@id\":\"https:\/\/theworldinstamps.com\/#website\",\"url\":\"https:\/\/theworldinstamps.com\/\",\"name\":\"The World In Stamps\",\"description\":\"A journey in a stamps collection\",\"publisher\":{\"@id\":\"https:\/\/theworldinstamps.com\/#\/schema\/person\/c0611d31792a5362356c7b1e1c4a0f17\"},\"potentialAction\":[{\"@type\":\"SearchAction\",\"target\":{\"@type\":\"EntryPoint\",\"urlTemplate\":\"https:\/\/theworldinstamps.com\/?s={search_term_string}\"},\"query-input\":\"required name=search_term_string\"}],\"inLanguage\":\"en-US\"},{\"@type\":[\"Person\",\"Organization\"],\"@id\":\"https:\/\/theworldinstamps.com\/#\/schema\/person\/c0611d31792a5362356c7b1e1c4a0f17\",\"name\":\"TWinSAdmin\",\"image\":{\"@type\":\"ImageObject\",\"inLanguage\":\"en-US\",\"@id\":\"https:\/\/theworldinstamps.com\/#\/schema\/person\/image\/\",\"url\":\"https:\/\/i0.wp.com\/theworldinstamps.com\/wp-content\/uploads\/2020\/07\/Site_Icon5-1.png?fit=512%2C512&ssl=1\",\"contentUrl\":\"https:\/\/i0.wp.com\/theworldinstamps.com\/wp-content\/uploads\/2020\/07\/Site_Icon5-1.png?fit=512%2C512&ssl=1\",\"width\":512,\"height\":512,\"caption\":\"TWinSAdmin\"},\"logo\":{\"@id\":\"https:\/\/theworldinstamps.com\/#\/schema\/person\/image\/\"},\"sameAs\":[\"https:\/\/www.facebook.com\/TheWorldInStamps\",\"https:\/\/www.pinterest.fr\/safwanq\/\",\"https:\/\/twitter.com\/https:\/\/twitter.com\/stamps_world\"],\"url\":\"https:\/\/theworldinstamps.com\/?author=1\"}]}<\/script>\n<!-- \/ Yoast SEO plugin. -->","yoast_head_json":{"title":"R\u00e9publique arabe unie 1962: Charte de Casablanca : The World In Stamps","robots":{"index":"index","follow":"follow","max-snippet":"max-snippet:-1","max-image-preview":"max-image-preview:large","max-video-preview":"max-video-preview:-1"},"canonical":"https:\/\/theworldinstamps.com\/?p=1801&lang=fr","og_locale":"en_US","og_type":"article","og_title":"R\u00e9publique arabe unie 1962: Charte de Casablanca : The World In Stamps","og_description":"Du 4 au 7 janvier 1962, \u00e0 l&#8217;invitation du roi Mohammed V, une conf\u00e9rence s&#8217;est tenue \u00e0 Casablanca, en pr\u00e9sence des repr\u00e9sentants d&#8217;un certain nombre de pays africains pour discuter des conditions politiques, \u00e9conomiques et sociales de l&#8217;Afrique qui avaient commenc\u00e9 \u00e0 sortir du colonialisme. La conf\u00e9rence a r\u00e9uni des dirigeants et des repr\u00e9sentants de [&hellip;]","og_url":"https:\/\/theworldinstamps.com\/?p=1801&lang=fr","og_site_name":"The World In Stamps","article_publisher":"https:\/\/www.facebook.com\/TheWorldInStamps","article_author":"https:\/\/www.facebook.com\/TheWorldInStamps","article_published_time":"2020-02-05T00:48:48+00:00","article_modified_time":"2020-02-05T20:02:01+00:00","og_image":[{"width":430,"height":300,"url":"https:\/\/i0.wp.com\/theworldinstamps.com\/wp-content\/uploads\/2020\/02\/UAR-1962-King-Mohammad-V-Icon.jpg?fit=430%2C300&ssl=1","type":"image\/jpeg"}],"author":"TWinSAdmin","twitter_card":"summary_large_image","twitter_creator":"@https:\/\/twitter.com\/stamps_world","twitter_site":"@stamps_world","twitter_misc":{"Written by":"TWinSAdmin","Est. reading time":"1 minute"},"schema":{"@context":"https:\/\/schema.org","@graph":[{"@type":"Article","@id":"https:\/\/theworldinstamps.com\/?p=1801&lang=fr#article","isPartOf":{"@id":"https:\/\/theworldinstamps.com\/?p=1801&lang=fr"},"author":{"name":"TWinSAdmin","@id":"https:\/\/theworldinstamps.com\/#\/schema\/person\/c0611d31792a5362356c7b1e1c4a0f17"},"headline":"R\u00e9publique arabe unie 1962: Charte de Casablanca","datePublished":"2020-02-05T00:48:48+00:00","dateModified":"2020-02-05T20:02:01+00:00","mainEntityOfPage":{"@id":"https:\/\/theworldinstamps.com\/?p=1801&lang=fr"},"wordCount":249,"commentCount":0,"publisher":{"@id":"https:\/\/theworldinstamps.com\/#\/schema\/person\/c0611d31792a5362356c7b1e1c4a0f17"},"keywords":["Afrique","Charte","Cooperation"],"articleSection":["Egypt","Maroc","Republique Arabe Unie"],"inLanguage":"en-US","potentialAction":[{"@type":"CommentAction","name":"Comment","target":["https:\/\/theworldinstamps.com\/?p=1801&lang=fr#respond"]}]},{"@type":"WebPage","@id":"https:\/\/theworldinstamps.com\/?p=1801&lang=fr","url":"https:\/\/theworldinstamps.com\/?p=1801&lang=fr","name":"R\u00e9publique arabe unie 1962: Charte de Casablanca : The World In Stamps","isPartOf":{"@id":"https:\/\/theworldinstamps.com\/#website"},"datePublished":"2020-02-05T00:48:48+00:00","dateModified":"2020-02-05T20:02:01+00:00","breadcrumb":{"@id":"https:\/\/theworldinstamps.com\/?p=1801&lang=fr#breadcrumb"},"inLanguage":"en-US","potentialAction":[{"@type":"ReadAction","target":["https:\/\/theworldinstamps.com\/?p=1801&lang=fr"]}]},{"@type":"BreadcrumbList","@id":"https:\/\/theworldinstamps.com\/?p=1801&lang=fr#breadcrumb","itemListElement":[{"@type":"ListItem","position":1,"name":"Home","item":"https:\/\/theworldinstamps.com\/?lang=ar"},{"@type":"ListItem","position":2,"name":"R\u00e9publique arabe unie 1962: Charte de Casablanca"}]},{"@type":"WebSite","@id":"https:\/\/theworldinstamps.com\/#website","url":"https:\/\/theworldinstamps.com\/","name":"The World In Stamps","description":"A journey in a stamps collection","publisher":{"@id":"https:\/\/theworldinstamps.com\/#\/schema\/person\/c0611d31792a5362356c7b1e1c4a0f17"},"potentialAction":[{"@type":"SearchAction","target":{"@type":"EntryPoint","urlTemplate":"https:\/\/theworldinstamps.com\/?s={search_term_string}"},"query-input":"required name=search_term_string"}],"inLanguage":"en-US"},{"@type":["Person","Organization"],"@id":"https:\/\/theworldinstamps.com\/#\/schema\/person\/c0611d31792a5362356c7b1e1c4a0f17","name":"TWinSAdmin","image":{"@type":"ImageObject","inLanguage":"en-US","@id":"https:\/\/theworldinstamps.com\/#\/schema\/person\/image\/","url":"https:\/\/i0.wp.com\/theworldinstamps.com\/wp-content\/uploads\/2020\/07\/Site_Icon5-1.png?fit=512%2C512&ssl=1","contentUrl":"https:\/\/i0.wp.com\/theworldinstamps.com\/wp-content\/uploads\/2020\/07\/Site_Icon5-1.png?fit=512%2C512&ssl=1","width":512,"height":512,"caption":"TWinSAdmin"},"logo":{"@id":"https:\/\/theworldinstamps.com\/#\/schema\/person\/image\/"},"sameAs":["https:\/\/www.facebook.com\/TheWorldInStamps","https:\/\/www.pinterest.fr\/safwanq\/","https:\/\/twitter.com\/https:\/\/twitter.com\/stamps_world"],"url":"https:\/\/theworldinstamps.com\/?author=1"}]}},"jetpack_featured_media_url":"https:\/\/i0.wp.com\/theworldinstamps.com\/wp-content\/uploads\/2020\/02\/UAR-1962-King-Mohammad-V-Icon.jpg?fit=430%2C300&ssl=1","jetpack-related-posts":[{"id":3426,"url":"https:\/\/theworldinstamps.com\/?p=3426&lang=fr","url_meta":{"origin":1801,"position":0},"title":"Cooperation Africane: La Charte de Casablanca 1961","date":"February 7, 2021","format":false,"excerpt":"En 1961, le roi Mohammed V du Maroc a appel\u00e9 \u00e0 une conf\u00e9rence qui cr\u00e9era le noyau de la coop\u00e9ration panafricaine.","rel":"","context":"In &quot;Maroc&quot;","img":{"alt_text":"Casablanca Conference 1961","src":"https:\/\/i0.wp.com\/theworldinstamps.com\/wp-content\/uploads\/2021\/02\/Morocco-1961-1963-YT-427_Icon.png?fit=400%2C300&ssl=1&resize=350%2C200","width":350,"height":200},"classes":[]},{"id":2489,"url":"https:\/\/theworldinstamps.com\/?p=2489&lang=fr","url_meta":{"origin":1801,"position":1},"title":"Timbre du drapeau de l&#8217;Alg\u00e9rie: R\u00e9publique Arabe Unie 1964","date":"May 25, 2020","format":false,"excerpt":"En 1964, la R\u00e9publique arabe unie (l'\u00c9gypte seule , la Syrie ayant quitt\u00e9 l'union en 1961), \u00e9met une s\u00e9rie de timbres avec les drapeaux des pays arabes alors membres de la ligue arabe. Ici le timbre du drapeau de En 1964, l\u2019\u00c9gypte a \u00e9mis des timbres avec les drapeaux des\u2026","rel":"","context":"In &quot;Algerie&quot;","img":{"alt_text":"","src":"https:\/\/i0.wp.com\/theworldinstamps.com\/wp-content\/uploads\/2020\/05\/UAR-1964-Flags-YT-611-900x-Icon.jpg?fit=450%2C350&ssl=1&resize=350%2C200","width":350,"height":200},"classes":[]},{"id":2123,"url":"https:\/\/theworldinstamps.com\/?p=2123&lang=fr","url_meta":{"origin":1801,"position":2},"title":"Hommage a la R\u00e9publique d\u2019Irak: UAR &#8211; Syrie &#8211;  1958","date":"February 22, 2020","format":false,"excerpt":"Le 14 juillet 1958, un coup d\u2019\u00c9tat militaire qui a mis fin \u00e0 la monarchie Hachemite et a annonc\u00e9 l\u2019\u00e9tablissement de la r\u00e9publique d'Irak.","rel":"","context":"In &quot;Irak&quot;","img":{"alt_text":"UAR - \u064dSyrie - 1958: Hommage a la cr\u00e9ation de la R\u00e9publique d\u2019Irak","src":"https:\/\/i0.wp.com\/theworldinstamps.com\/wp-content\/uploads\/2020\/02\/SYR-1958-YT-110-Icon1-1.jpg?fit=440%2C330&ssl=1&resize=350%2C200","width":350,"height":200},"classes":[]},{"id":2575,"url":"https:\/\/theworldinstamps.com\/?p=2575&lang=fr","url_meta":{"origin":1801,"position":3},"title":"R\u00e9publique Arabe Unie 1964: Drapeaux Arabes \u2013 La Jordanie","date":"May 25, 2020","format":false,"excerpt":"En 1964, la R\u00e9publique arabe unie a \u00e9mis une s\u00e9rie de timbres portant les drapeaux des \u00e9tats arabes . Ici le timbre du drapeau de la Jordanie.","rel":"","context":"In &quot;Egypt&quot;","img":{"alt_text":"Flag of Jordan","src":"https:\/\/i0.wp.com\/theworldinstamps.com\/wp-content\/uploads\/2020\/05\/UAR-1964-Flags-YT-621-900px-Icon.jpg?fit=450%2C340&ssl=1&resize=350%2C200","width":350,"height":200},"classes":[]},{"id":2841,"url":"https:\/\/theworldinstamps.com\/?p=2841&lang=fr","url_meta":{"origin":1801,"position":4},"title":"Ann\u00e9e internationale des droits de l&#8217;homme: 1968","date":"July 22, 2020","format":false,"excerpt":"L\u2019Assembl\u00e9e g\u00e9n\u00e9rale a adopt\u00e9 \u00e0 l\u2019unanimit\u00e9 la d\u00e9cision de d\u00e9clarer 1968 Ann\u00e9e internationale des droits de l\u2019homme.","rel":"","context":"In &quot;Egypt&quot;","img":{"alt_text":"","src":"https:\/\/i0.wp.com\/theworldinstamps.com\/wp-content\/uploads\/2019\/11\/UAR-1968-HumanRightsYear.jpg?resize=350%2C200&ssl=1","width":350,"height":200},"classes":[]},{"id":2477,"url":"https:\/\/theworldinstamps.com\/?p=2477&lang=fr","url_meta":{"origin":1801,"position":5},"title":"Ramadan Mubarak Et Joyeuse F\u00eate","date":"May 24, 2020","format":false,"excerpt":"Le mois de Ramadan est le mois de je\u00fbne pour les musulmans. C'est le neuvi\u00e8me mois du calendrier islamique.","rel":"","context":"In &quot;Egypt&quot;","img":{"alt_text":"UAR 1967: Ramadan Kareem & Eid greetings","src":"https:\/\/i0.wp.com\/theworldinstamps.com\/wp-content\/uploads\/2020\/05\/UAR-Ramadan-Kareem-Icon.jpg?fit=450%2C340&ssl=1&resize=350%2C200","width":350,"height":200},"classes":[]}],"_links":{"self":[{"href":"https:\/\/theworldinstamps.com\/index.php?rest_route=\/wp\/v2\/posts\/1801","targetHints":{"allow":["GET"]}}],"collection":[{"href":"https:\/\/theworldinstamps.com\/index.php?rest_route=\/wp\/v2\/posts"}],"about":[{"href":"https:\/\/theworldinstamps.com\/index.php?rest_route=\/wp\/v2\/types\/post"}],"author":[{"embeddable":true,"href":"https:\/\/theworldinstamps.com\/index.php?rest_route=\/wp\/v2\/users\/1"}],"replies":[{"embeddable":true,"href":"https:\/\/theworldinstamps.com\/index.php?rest_route=%2Fwp%2Fv2%2Fcomments&post=1801"}],"version-history":[{"count":0,"href":"https:\/\/theworldinstamps.com\/index.php?rest_route=\/wp\/v2\/posts\/1801\/revisions"}],"wp:featuredmedia":[{"embeddable":true,"href":"https:\/\/theworldinstamps.com\/index.php?rest_route=\/wp\/v2\/media\/1793"}],"wp:attachment":[{"href":"https:\/\/theworldinstamps.com\/index.php?rest_route=%2Fwp%2Fv2%2Fmedia&parent=1801"}],"wp:term":[{"taxonomy":"category","embeddable":true,"href":"https:\/\/theworldinstamps.com\/index.php?rest_route=%2Fwp%2Fv2%2Fcategories&post=1801"},{"taxonomy":"post_tag","embeddable":true,"href":"https:\/\/theworldinstamps.com\/index.php?rest_route=%2Fwp%2Fv2%2Ftags&post=1801"}],"curies":[{"name":"wp","href":"https:\/\/api.w.org\/{rel}","templated":true}]}}