{"id":2012,"date":"2020-02-10T03:10:36","date_gmt":"2020-02-10T00:10:36","guid":{"rendered":"http:\/\/theworldinstamps.com\/?p=2012"},"modified":"2020-02-10T03:14:27","modified_gmt":"2020-02-10T00:14:27","slug":"irak-1970-25e-anniversaire-des-nations-unies-souvenez-vous-de-la-palestine","status":"publish","type":"post","link":"https:\/\/theworldinstamps.com\/?p=2012&lang=fr","title":{"rendered":"Irak 1970 &#8211; 25e anniversaire des Nations Unies &#8211; Souvenez-vous de la Palestine"},"content":{"rendered":"\t\t<div data-elementor-type=\"wp-post\" data-elementor-id=\"2012\" class=\"elementor elementor-2012\">\n\t\t\t\t\t\t\t\t\t<section class=\"elementor-section elementor-top-section elementor-element elementor-element-9c5dd12 elementor-section-boxed elementor-section-height-default elementor-section-height-default\" data-id=\"9c5dd12\" data-element_type=\"section\">\n\t\t\t\t\t\t<div class=\"elementor-container elementor-column-gap-default\">\n\t\t\t\t\t<div class=\"elementor-column elementor-col-100 elementor-top-column elementor-element elementor-element-33922d3\" data-id=\"33922d3\" data-element_type=\"column\">\n\t\t\t<div class=\"elementor-widget-wrap elementor-element-populated\">\n\t\t\t\t\t\t\t\t<div class=\"elementor-element elementor-element-4874050 elementor-widget elementor-widget-text-editor\" data-id=\"4874050\" data-element_type=\"widget\" data-widget_type=\"text-editor.default\">\n\t\t\t\t<div class=\"elementor-widget-container\">\n\t\t\t<style>\/*! elementor - v3.17.0 - 08-11-2023 *\/\n.elementor-widget-text-editor.elementor-drop-cap-view-stacked .elementor-drop-cap{background-color:#69727d;color:#fff}.elementor-widget-text-editor.elementor-drop-cap-view-framed .elementor-drop-cap{color:#69727d;border:3px solid;background-color:transparent}.elementor-widget-text-editor:not(.elementor-drop-cap-view-default) .elementor-drop-cap{margin-top:8px}.elementor-widget-text-editor:not(.elementor-drop-cap-view-default) .elementor-drop-cap-letter{width:1em;height:1em}.elementor-widget-text-editor .elementor-drop-cap{float:right;text-align:center;line-height:1;font-size:50px}.elementor-widget-text-editor .elementor-drop-cap-letter{display:inline-block}<\/style>\t\t\t\t<p>En 1970, en comm\u00e9moration du vingt-cinqui\u00e8me anniversaire de la cr\u00e9ation des Nations Unies, la R\u00e9publique d&#8217;Iraq a r\u00e9\u00e9dit\u00e9 le feuillet comm\u00e9moratif \u00e9mis en 1963 \u00e0 l&#8217;occasion de la Campagne internationale pour la lutte contre la faim apr\u00e8s y avoir ajout\u00e9 une pr\u00e9cision particuli\u00e8re.<\/p>\t\t\t\t\t\t<\/div>\n\t\t\t\t<\/div>\n\t\t\t\t\t<\/div>\n\t\t<\/div>\n\t\t\t\t\t\t\t<\/div>\n\t\t<\/section>\n\t\t\t\t<section class=\"elementor-section elementor-top-section elementor-element elementor-element-750c271 elementor-section-boxed elementor-section-height-default elementor-section-height-default\" data-id=\"750c271\" data-element_type=\"section\">\n\t\t\t\t\t\t<div class=\"elementor-container elementor-column-gap-default\">\n\t\t\t\t\t<div class=\"elementor-column elementor-col-100 elementor-top-column elementor-element elementor-element-b023975\" data-id=\"b023975\" data-element_type=\"column\">\n\t\t\t<div class=\"elementor-widget-wrap elementor-element-populated\">\n\t\t\t\t\t\t\t\t<div class=\"elementor-element elementor-element-a7e224c elementor-widget elementor-widget-image\" data-id=\"a7e224c\" data-element_type=\"widget\" data-widget_type=\"image.default\">\n\t\t\t\t<div class=\"elementor-widget-container\">\n\t\t\t<style>\/*! elementor - v3.17.0 - 08-11-2023 *\/\n.elementor-widget-image{text-align:center}.elementor-widget-image a{display:inline-block}.elementor-widget-image a img[src$=\".svg\"]{width:48px}.elementor-widget-image img{vertical-align:middle;display:inline-block}<\/style>\t\t\t\t\t\t\t\t\t\t\t\t<img loading=\"lazy\" decoding=\"async\" width=\"640\" height=\"443\" src=\"https:\/\/i0.wp.com\/theworldinstamps.com\/wp-content\/uploads\/2019\/12\/Iraq-1970-UnitedNationsAnniversary-\u064cResize.jpg?fit=640%2C443&amp;ssl=1\" class=\"attachment-large size-large wp-image-1373\" alt=\"\" srcset=\"https:\/\/i0.wp.com\/theworldinstamps.com\/wp-content\/uploads\/2019\/12\/Iraq-1970-UnitedNationsAnniversary-\u064cResize.jpg?w=979&amp;ssl=1 979w, https:\/\/i0.wp.com\/theworldinstamps.com\/wp-content\/uploads\/2019\/12\/Iraq-1970-UnitedNationsAnniversary-\u064cResize.jpg?resize=300%2C207&amp;ssl=1 300w, https:\/\/i0.wp.com\/theworldinstamps.com\/wp-content\/uploads\/2019\/12\/Iraq-1970-UnitedNationsAnniversary-\u064cResize.jpg?resize=768%2C531&amp;ssl=1 768w\" sizes=\"auto, (max-width: 640px) 100vw, 640px\" \/>\t\t\t\t\t\t\t\t\t\t\t\t\t\t\t<\/div>\n\t\t\t\t<\/div>\n\t\t\t\t\t<\/div>\n\t\t<\/div>\n\t\t\t\t\t\t\t<\/div>\n\t\t<\/section>\n\t\t\t\t<section class=\"elementor-section elementor-top-section elementor-element elementor-element-0266eb2 elementor-section-boxed elementor-section-height-default elementor-section-height-default\" data-id=\"0266eb2\" data-element_type=\"section\">\n\t\t\t\t\t\t<div class=\"elementor-container elementor-column-gap-default\">\n\t\t\t\t\t<div class=\"elementor-column elementor-col-100 elementor-top-column elementor-element elementor-element-adcb37d\" data-id=\"adcb37d\" data-element_type=\"column\">\n\t\t\t<div class=\"elementor-widget-wrap elementor-element-populated\">\n\t\t\t\t\t\t\t\t<div class=\"elementor-element elementor-element-925ec47 elementor-widget elementor-widget-text-editor\" data-id=\"925ec47\" data-element_type=\"widget\" data-widget_type=\"text-editor.default\">\n\t\t\t\t<div class=\"elementor-widget-container\">\n\t\t\t\t\t\t\t<p>Dans la nouvelle version, une phrase anglaise a \u00e9t\u00e9 ajout\u00e9e en haut de la carte: &#8220;1945 UNITED NATIONS 1970&#8221;<\/p><p>Egalement la phrase &#8220;Remember Palestine&#8221; a \u00e9t\u00e9\u00a0ajout\u00e9\u00a0au bas du feuillet.<\/p><p>En outre, le prix a \u00e9t\u00e9 barr\u00e9 sur les trois timbres ainsi que la phrase faisant r\u00e9f\u00e9rence \u00e0 la Campagne internationale pour la libert\u00e9 contre la faim<\/p>\t\t\t\t\t\t<\/div>\n\t\t\t\t<\/div>\n\t\t\t\t\t<\/div>\n\t\t<\/div>\n\t\t\t\t\t\t\t<\/div>\n\t\t<\/section>\n\t\t\t\t\t\t\t<\/div>\n\t\t","protected":false},"excerpt":{"rendered":"<p>En 1970, en comm\u00e9moration du vingt-cinqui\u00e8me anniversaire de la cr\u00e9ation des Nations Unies, la R\u00e9publique d&#8217;Iraq a r\u00e9\u00e9dit\u00e9 le feuillet comm\u00e9moratif \u00e9mis en 1963 \u00e0 l&#8217;occasion de la Campagne internationale pour la lutte contre la faim apr\u00e8s y avoir ajout\u00e9 une pr\u00e9cision particuli\u00e8re. Dans la nouvelle version, une phrase anglaise a \u00e9t\u00e9 ajout\u00e9e en haut [&hellip;]<\/p>\n","protected":false},"author":1,"featured_media":1374,"comment_status":"closed","ping_status":"open","sticky":true,"template":"","format":"standard","meta":{"om_disable_all_campaigns":false,"_monsterinsights_skip_tracking":false,"_monsterinsights_sitenote_active":false,"_monsterinsights_sitenote_note":"","_monsterinsights_sitenote_category":0,"_uf_show_specific_survey":0,"_uf_disable_surveys":false,"footnotes":""},"categories":[269,284],"tags":[],"class_list":["post-2012","post","type-post","status-publish","format-standard","has-post-thumbnail","hentry","category-iraq-fr","category-palestine-fr"],"yoast_head":"<!-- This site is optimized with the Yoast SEO plugin v20.7 - https:\/\/yoast.com\/wordpress\/plugins\/seo\/ -->\n<title>Irak 1970 - 25e anniversaire des Nations Unies - Souvenez-vous de la Palestine : The World In Stamps<\/title>\n<meta name=\"robots\" content=\"index, follow, max-snippet:-1, max-image-preview:large, max-video-preview:-1\" \/>\n<link rel=\"canonical\" href=\"https:\/\/theworldinstamps.com\/?p=2012&lang=fr\" \/>\n<meta property=\"og:locale\" content=\"en_US\" \/>\n<meta property=\"og:type\" content=\"article\" \/>\n<meta property=\"og:title\" content=\"Irak 1970 - 25e anniversaire des Nations Unies - Souvenez-vous de la Palestine : The World In Stamps\" \/>\n<meta property=\"og:description\" content=\"En 1970, en comm\u00e9moration du vingt-cinqui\u00e8me anniversaire de la cr\u00e9ation des Nations Unies, la R\u00e9publique d&#8217;Iraq a r\u00e9\u00e9dit\u00e9 le feuillet comm\u00e9moratif \u00e9mis en 1963 \u00e0 l&#8217;occasion de la Campagne internationale pour la lutte contre la faim apr\u00e8s y avoir ajout\u00e9 une pr\u00e9cision particuli\u00e8re. Dans la nouvelle version, une phrase anglaise a \u00e9t\u00e9 ajout\u00e9e en haut [&hellip;]\" \/>\n<meta property=\"og:url\" content=\"https:\/\/theworldinstamps.com\/?p=2012&amp;lang=fr\" \/>\n<meta property=\"og:site_name\" content=\"The World In Stamps\" \/>\n<meta property=\"article:publisher\" content=\"https:\/\/www.facebook.com\/TheWorldInStamps\" \/>\n<meta property=\"article:author\" content=\"https:\/\/www.facebook.com\/TheWorldInStamps\" \/>\n<meta property=\"article:published_time\" content=\"2020-02-10T00:10:36+00:00\" \/>\n<meta property=\"article:modified_time\" content=\"2020-02-10T00:14:27+00:00\" \/>\n<meta property=\"og:image\" content=\"https:\/\/i0.wp.com\/theworldinstamps.com\/wp-content\/uploads\/2019\/12\/Iraq-1970-UnitedNationsAnniversary-\u064cResize_Icon.jpg.jpg?fit=407%2C302&ssl=1\" \/>\n\t<meta property=\"og:image:width\" content=\"407\" \/>\n\t<meta property=\"og:image:height\" content=\"302\" \/>\n\t<meta property=\"og:image:type\" content=\"image\/jpeg\" \/>\n<meta name=\"author\" content=\"TWinSAdmin\" \/>\n<meta name=\"twitter:card\" content=\"summary_large_image\" \/>\n<meta name=\"twitter:creator\" content=\"@https:\/\/twitter.com\/stamps_world\" \/>\n<meta name=\"twitter:site\" content=\"@stamps_world\" \/>\n<meta name=\"twitter:label1\" content=\"Written by\" \/>\n\t<meta name=\"twitter:data1\" content=\"TWinSAdmin\" \/>\n\t<meta name=\"twitter:label2\" content=\"Est. reading time\" \/>\n\t<meta name=\"twitter:data2\" content=\"1 minute\" \/>\n<script type=\"application\/ld+json\" class=\"yoast-schema-graph\">{\"@context\":\"https:\/\/schema.org\",\"@graph\":[{\"@type\":\"Article\",\"@id\":\"https:\/\/theworldinstamps.com\/?p=2012&lang=fr#article\",\"isPartOf\":{\"@id\":\"https:\/\/theworldinstamps.com\/?p=2012&lang=fr\"},\"author\":{\"name\":\"TWinSAdmin\",\"@id\":\"https:\/\/theworldinstamps.com\/#\/schema\/person\/c0611d31792a5362356c7b1e1c4a0f17\"},\"headline\":\"Irak 1970 &#8211; 25e anniversaire des Nations Unies &#8211; Souvenez-vous de la Palestine\",\"datePublished\":\"2020-02-10T00:10:36+00:00\",\"dateModified\":\"2020-02-10T00:14:27+00:00\",\"mainEntityOfPage\":{\"@id\":\"https:\/\/theworldinstamps.com\/?p=2012&lang=fr\"},\"wordCount\":119,\"publisher\":{\"@id\":\"https:\/\/theworldinstamps.com\/#\/schema\/person\/c0611d31792a5362356c7b1e1c4a0f17\"},\"articleSection\":[\"Irak\",\"Palestine\"],\"inLanguage\":\"en-US\"},{\"@type\":\"WebPage\",\"@id\":\"https:\/\/theworldinstamps.com\/?p=2012&lang=fr\",\"url\":\"https:\/\/theworldinstamps.com\/?p=2012&lang=fr\",\"name\":\"Irak 1970 - 25e anniversaire des Nations Unies - Souvenez-vous de la Palestine : The World In Stamps\",\"isPartOf\":{\"@id\":\"https:\/\/theworldinstamps.com\/#website\"},\"datePublished\":\"2020-02-10T00:10:36+00:00\",\"dateModified\":\"2020-02-10T00:14:27+00:00\",\"breadcrumb\":{\"@id\":\"https:\/\/theworldinstamps.com\/?p=2012&lang=fr#breadcrumb\"},\"inLanguage\":\"en-US\",\"potentialAction\":[{\"@type\":\"ReadAction\",\"target\":[\"https:\/\/theworldinstamps.com\/?p=2012&lang=fr\"]}]},{\"@type\":\"BreadcrumbList\",\"@id\":\"https:\/\/theworldinstamps.com\/?p=2012&lang=fr#breadcrumb\",\"itemListElement\":[{\"@type\":\"ListItem\",\"position\":1,\"name\":\"Home\",\"item\":\"https:\/\/theworldinstamps.com\/?lang=ar\"},{\"@type\":\"ListItem\",\"position\":2,\"name\":\"Irak 1970 &#8211; 25e anniversaire des Nations Unies &#8211; Souvenez-vous de la Palestine\"}]},{\"@type\":\"WebSite\",\"@id\":\"https:\/\/theworldinstamps.com\/#website\",\"url\":\"https:\/\/theworldinstamps.com\/\",\"name\":\"The World In Stamps\",\"description\":\"A journey in a stamps collection\",\"publisher\":{\"@id\":\"https:\/\/theworldinstamps.com\/#\/schema\/person\/c0611d31792a5362356c7b1e1c4a0f17\"},\"potentialAction\":[{\"@type\":\"SearchAction\",\"target\":{\"@type\":\"EntryPoint\",\"urlTemplate\":\"https:\/\/theworldinstamps.com\/?s={search_term_string}\"},\"query-input\":\"required name=search_term_string\"}],\"inLanguage\":\"en-US\"},{\"@type\":[\"Person\",\"Organization\"],\"@id\":\"https:\/\/theworldinstamps.com\/#\/schema\/person\/c0611d31792a5362356c7b1e1c4a0f17\",\"name\":\"TWinSAdmin\",\"image\":{\"@type\":\"ImageObject\",\"inLanguage\":\"en-US\",\"@id\":\"https:\/\/theworldinstamps.com\/#\/schema\/person\/image\/\",\"url\":\"https:\/\/i0.wp.com\/theworldinstamps.com\/wp-content\/uploads\/2020\/07\/Site_Icon5-1.png?fit=512%2C512&ssl=1\",\"contentUrl\":\"https:\/\/i0.wp.com\/theworldinstamps.com\/wp-content\/uploads\/2020\/07\/Site_Icon5-1.png?fit=512%2C512&ssl=1\",\"width\":512,\"height\":512,\"caption\":\"TWinSAdmin\"},\"logo\":{\"@id\":\"https:\/\/theworldinstamps.com\/#\/schema\/person\/image\/\"},\"sameAs\":[\"https:\/\/www.facebook.com\/TheWorldInStamps\",\"https:\/\/www.pinterest.fr\/safwanq\/\",\"https:\/\/twitter.com\/https:\/\/twitter.com\/stamps_world\"],\"url\":\"https:\/\/theworldinstamps.com\/?author=1\"}]}<\/script>\n<!-- \/ Yoast SEO plugin. -->","yoast_head_json":{"title":"Irak 1970 - 25e anniversaire des Nations Unies - Souvenez-vous de la Palestine : The World In Stamps","robots":{"index":"index","follow":"follow","max-snippet":"max-snippet:-1","max-image-preview":"max-image-preview:large","max-video-preview":"max-video-preview:-1"},"canonical":"https:\/\/theworldinstamps.com\/?p=2012&lang=fr","og_locale":"en_US","og_type":"article","og_title":"Irak 1970 - 25e anniversaire des Nations Unies - Souvenez-vous de la Palestine : The World In Stamps","og_description":"En 1970, en comm\u00e9moration du vingt-cinqui\u00e8me anniversaire de la cr\u00e9ation des Nations Unies, la R\u00e9publique d&#8217;Iraq a r\u00e9\u00e9dit\u00e9 le feuillet comm\u00e9moratif \u00e9mis en 1963 \u00e0 l&#8217;occasion de la Campagne internationale pour la lutte contre la faim apr\u00e8s y avoir ajout\u00e9 une pr\u00e9cision particuli\u00e8re. Dans la nouvelle version, une phrase anglaise a \u00e9t\u00e9 ajout\u00e9e en haut [&hellip;]","og_url":"https:\/\/theworldinstamps.com\/?p=2012&lang=fr","og_site_name":"The World In Stamps","article_publisher":"https:\/\/www.facebook.com\/TheWorldInStamps","article_author":"https:\/\/www.facebook.com\/TheWorldInStamps","article_published_time":"2020-02-10T00:10:36+00:00","article_modified_time":"2020-02-10T00:14:27+00:00","og_image":[{"width":407,"height":302,"url":"https:\/\/i0.wp.com\/theworldinstamps.com\/wp-content\/uploads\/2019\/12\/Iraq-1970-UnitedNationsAnniversary-\u064cResize_Icon.jpg.jpg?fit=407%2C302&ssl=1","type":"image\/jpeg"}],"author":"TWinSAdmin","twitter_card":"summary_large_image","twitter_creator":"@https:\/\/twitter.com\/stamps_world","twitter_site":"@stamps_world","twitter_misc":{"Written by":"TWinSAdmin","Est. reading time":"1 minute"},"schema":{"@context":"https:\/\/schema.org","@graph":[{"@type":"Article","@id":"https:\/\/theworldinstamps.com\/?p=2012&lang=fr#article","isPartOf":{"@id":"https:\/\/theworldinstamps.com\/?p=2012&lang=fr"},"author":{"name":"TWinSAdmin","@id":"https:\/\/theworldinstamps.com\/#\/schema\/person\/c0611d31792a5362356c7b1e1c4a0f17"},"headline":"Irak 1970 &#8211; 25e anniversaire des Nations Unies &#8211; Souvenez-vous de la Palestine","datePublished":"2020-02-10T00:10:36+00:00","dateModified":"2020-02-10T00:14:27+00:00","mainEntityOfPage":{"@id":"https:\/\/theworldinstamps.com\/?p=2012&lang=fr"},"wordCount":119,"publisher":{"@id":"https:\/\/theworldinstamps.com\/#\/schema\/person\/c0611d31792a5362356c7b1e1c4a0f17"},"articleSection":["Irak","Palestine"],"inLanguage":"en-US"},{"@type":"WebPage","@id":"https:\/\/theworldinstamps.com\/?p=2012&lang=fr","url":"https:\/\/theworldinstamps.com\/?p=2012&lang=fr","name":"Irak 1970 - 25e anniversaire des Nations Unies - Souvenez-vous de la Palestine : The World In Stamps","isPartOf":{"@id":"https:\/\/theworldinstamps.com\/#website"},"datePublished":"2020-02-10T00:10:36+00:00","dateModified":"2020-02-10T00:14:27+00:00","breadcrumb":{"@id":"https:\/\/theworldinstamps.com\/?p=2012&lang=fr#breadcrumb"},"inLanguage":"en-US","potentialAction":[{"@type":"ReadAction","target":["https:\/\/theworldinstamps.com\/?p=2012&lang=fr"]}]},{"@type":"BreadcrumbList","@id":"https:\/\/theworldinstamps.com\/?p=2012&lang=fr#breadcrumb","itemListElement":[{"@type":"ListItem","position":1,"name":"Home","item":"https:\/\/theworldinstamps.com\/?lang=ar"},{"@type":"ListItem","position":2,"name":"Irak 1970 &#8211; 25e anniversaire des Nations Unies &#8211; Souvenez-vous de la Palestine"}]},{"@type":"WebSite","@id":"https:\/\/theworldinstamps.com\/#website","url":"https:\/\/theworldinstamps.com\/","name":"The World In Stamps","description":"A journey in a stamps collection","publisher":{"@id":"https:\/\/theworldinstamps.com\/#\/schema\/person\/c0611d31792a5362356c7b1e1c4a0f17"},"potentialAction":[{"@type":"SearchAction","target":{"@type":"EntryPoint","urlTemplate":"https:\/\/theworldinstamps.com\/?s={search_term_string}"},"query-input":"required name=search_term_string"}],"inLanguage":"en-US"},{"@type":["Person","Organization"],"@id":"https:\/\/theworldinstamps.com\/#\/schema\/person\/c0611d31792a5362356c7b1e1c4a0f17","name":"TWinSAdmin","image":{"@type":"ImageObject","inLanguage":"en-US","@id":"https:\/\/theworldinstamps.com\/#\/schema\/person\/image\/","url":"https:\/\/i0.wp.com\/theworldinstamps.com\/wp-content\/uploads\/2020\/07\/Site_Icon5-1.png?fit=512%2C512&ssl=1","contentUrl":"https:\/\/i0.wp.com\/theworldinstamps.com\/wp-content\/uploads\/2020\/07\/Site_Icon5-1.png?fit=512%2C512&ssl=1","width":512,"height":512,"caption":"TWinSAdmin"},"logo":{"@id":"https:\/\/theworldinstamps.com\/#\/schema\/person\/image\/"},"sameAs":["https:\/\/www.facebook.com\/TheWorldInStamps","https:\/\/www.pinterest.fr\/safwanq\/","https:\/\/twitter.com\/https:\/\/twitter.com\/stamps_world"],"url":"https:\/\/theworldinstamps.com\/?author=1"}]}},"jetpack_featured_media_url":"https:\/\/i0.wp.com\/theworldinstamps.com\/wp-content\/uploads\/2019\/12\/Iraq-1970-UnitedNationsAnniversary-\u064cResize_Icon.jpg.jpg?fit=407%2C302&ssl=1","jetpack-related-posts":[{"id":3836,"url":"https:\/\/theworldinstamps.com\/?p=3836&lang=fr","url_meta":{"origin":2012,"position":0},"title":"D\u00e9claration de l&#8217;Etat de Palestine en Alg\u00e9rie 1988","date":"July 12, 2021","format":false,"excerpt":"Entier Potal comm\u00e9morant le 30e anniversaire de la d\u00e9claration de l'\u00c9tat de Palestine, qui a eu lieu \u00e0 Alger en 1988.","rel":"","context":"In &quot;Algerie&quot;","img":{"alt_text":"30th anniversary of the declaration of the Palestinian state","src":"https:\/\/i0.wp.com\/theworldinstamps.com\/wp-content\/uploads\/2021\/07\/Algeria-2018-Palestine-State-Icon2.png?fit=450%2C400&ssl=1&resize=350%2C200","width":350,"height":200},"classes":[]},{"id":2018,"url":"https:\/\/theworldinstamps.com\/?p=2018&lang=fr","url_meta":{"origin":2012,"position":1},"title":"Irak 2001- Soutenir l&#8217;Intifada palestinienne","date":"February 10, 2020","format":false,"excerpt":"La deuxi\u00e8me Intifada palestinienne a \u00e9clat\u00e9 en 2000 apr\u00e8s que Ariel Sharon a pris d'assaut la mosqu\u00e9e Al-Aqsa et s'est poursuivie jusqu'en 2005, entrecoup\u00e9e de nombreuses confrontations entre les citoyens palestiniens et les forces d'occupation isra\u00e9liennes.La R\u00e9publique d'Iraq a \u00e9mis une s\u00e9rie de trois timbres-poste \u00e0 l'appui du soul\u00e8vement.Deux timbres\u2026","rel":"","context":"In &quot;Irak&quot;","img":{"alt_text":"","src":"https:\/\/i0.wp.com\/theworldinstamps.com\/wp-content\/uploads\/2019\/10\/Iraq-2001-Palestine-Uprising-1.jpg?fit=764%2C581&ssl=1&resize=350%2C200","width":350,"height":200},"classes":[]},{"id":2317,"url":"https:\/\/theworldinstamps.com\/?p=2317&lang=fr","url_meta":{"origin":2012,"position":2},"title":"Combattants Palestiniens de la Libert\u00e9 : Kuwait 1970","date":"May 16, 2020","format":false,"excerpt":"En 1970, le Kowe\u00eft a \u00e9mis une s\u00e9rie de trois timbres repr\u00e9sentant les combattants palestiniens de la libert\u00e9 et la mosqu\u00e9e Aqsa de J\u00e9rusalem.","rel":"","context":"In &quot;Koweit&quot;","img":{"alt_text":"Palestine Freedon Fighters","src":"https:\/\/i0.wp.com\/theworldinstamps.com\/wp-content\/uploads\/2020\/05\/Kuwait-1970-YT468_Icon1.jpg?fit=450%2C340&ssl=1&resize=350%2C200","width":350,"height":200},"classes":[]},{"id":2720,"url":"https:\/\/theworldinstamps.com\/?p=2720&lang=fr","url_meta":{"origin":2012,"position":3},"title":"Reconnaissance par la FIFA de la Palestine &#8211; 2013","date":"July 4, 2020","format":false,"excerpt":"La Palestine a obtenu la reconnaissance par la FIFA de son stade domicile en 2013. Un timbre palestinien a \u00e9t\u00e9 \u00e9mis a cette occasion.","rel":"","context":"In &quot;Palestine&quot;","img":{"alt_text":"Palestine 2013 - Recognition of Palestinian Home Ground by FIFA","src":"https:\/\/i0.wp.com\/theworldinstamps.com\/wp-content\/uploads\/2020\/07\/Palestine-2013-FIFA-300x300.jpg?resize=350%2C200","width":350,"height":200},"classes":[]},{"id":1841,"url":"https:\/\/theworldinstamps.com\/?p=1841&lang=fr","url_meta":{"origin":2012,"position":4},"title":"la 2\u00e8me intifada palestinienne en 2000","date":"February 5, 2020","format":false,"excerpt":"L'agression isra\u00e9lienne contre les lieux saints musulmans de J\u00e9rusalem a provoqu\u00e9 le d\u00e9but de la 2\u00e8me intifada palestinienne en 2000.","rel":"","context":"In &quot;Irak&quot;","img":{"alt_text":"The second palestinian Intifada in 2000","src":"https:\/\/i0.wp.com\/theworldinstamps.com\/wp-content\/uploads\/2019\/10\/Iraq-2001-FaresAudeh-Sheet-2-1.jpg?fit=900%2C719&ssl=1&resize=350%2C200","width":350,"height":200},"classes":[]},{"id":3470,"url":"https:\/\/theworldinstamps.com\/?p=3470&lang=fr","url_meta":{"origin":2012,"position":5},"title":"Incendie de la mosqu\u00e9e Al-Aqsa &#8211; Egypte 1970","date":"March 6, 2021","format":false,"excerpt":"Le 21 ao\u00fbt 1969, un touriste australien a mis le feu \u00e0 la partie sud de la mosqu\u00e9e Al-Aqsa de J\u00e9rusalem, le troisi\u00e8me lieu saint de l'Islam.","rel":"","context":"In &quot;Egypt&quot;","img":{"alt_text":"Egypt-1970-YT825- Al Aqsa Mosque","src":"https:\/\/i0.wp.com\/theworldinstamps.com\/wp-content\/uploads\/2021\/03\/Egypt-1970-YT825_Icon.png?fit=400%2C300&ssl=1&resize=350%2C200","width":350,"height":200},"classes":[]}],"_links":{"self":[{"href":"https:\/\/theworldinstamps.com\/index.php?rest_route=\/wp\/v2\/posts\/2012","targetHints":{"allow":["GET"]}}],"collection":[{"href":"https:\/\/theworldinstamps.com\/index.php?rest_route=\/wp\/v2\/posts"}],"about":[{"href":"https:\/\/theworldinstamps.com\/index.php?rest_route=\/wp\/v2\/types\/post"}],"author":[{"embeddable":true,"href":"https:\/\/theworldinstamps.com\/index.php?rest_route=\/wp\/v2\/users\/1"}],"replies":[{"embeddable":true,"href":"https:\/\/theworldinstamps.com\/index.php?rest_route=%2Fwp%2Fv2%2Fcomments&post=2012"}],"version-history":[{"count":-3,"href":"https:\/\/theworldinstamps.com\/index.php?rest_route=\/wp\/v2\/posts\/2012\/revisions"}],"wp:featuredmedia":[{"embeddable":true,"href":"https:\/\/theworldinstamps.com\/index.php?rest_route=\/wp\/v2\/media\/1374"}],"wp:attachment":[{"href":"https:\/\/theworldinstamps.com\/index.php?rest_route=%2Fwp%2Fv2%2Fmedia&parent=2012"}],"wp:term":[{"taxonomy":"category","embeddable":true,"href":"https:\/\/theworldinstamps.com\/index.php?rest_route=%2Fwp%2Fv2%2Fcategories&post=2012"},{"taxonomy":"post_tag","embeddable":true,"href":"https:\/\/theworldinstamps.com\/index.php?rest_route=%2Fwp%2Fv2%2Ftags&post=2012"}],"curies":[{"name":"wp","href":"https:\/\/api.w.org\/{rel}","templated":true}]}}