{"id":2249,"date":"2020-03-31T21:26:53","date_gmt":"2020-03-31T18:26:53","guid":{"rendered":"http:\/\/theworldinstamps.com\/?p=2249"},"modified":"2022-02-03T04:41:01","modified_gmt":"2022-02-03T01:41:01","slug":"palestine-1976-journee-de-la-terre-2-4","status":"publish","type":"post","link":"https:\/\/theworldinstamps.com\/?p=2249&lang=fr","title":{"rendered":"Palestine 1976: Journ\u00e9e de la Terre 2\/4"},"content":{"rendered":"\t\t<div data-elementor-type=\"wp-post\" data-elementor-id=\"2249\" class=\"elementor elementor-2249\">\n\t\t\t\t\t\t\t\t\t<section class=\"elementor-section elementor-top-section elementor-element elementor-element-4689269 elementor-section-boxed elementor-section-height-default elementor-section-height-default\" data-id=\"4689269\" data-element_type=\"section\">\n\t\t\t\t\t\t<div class=\"elementor-container elementor-column-gap-default\">\n\t\t\t\t\t<div class=\"elementor-column elementor-col-100 elementor-top-column elementor-element elementor-element-220b8af\" data-id=\"220b8af\" data-element_type=\"column\">\n\t\t\t<div class=\"elementor-widget-wrap elementor-element-populated\">\n\t\t\t\t\t\t\t\t<div class=\"elementor-element elementor-element-543cd06 elementor-widget elementor-widget-text-editor\" data-id=\"543cd06\" data-element_type=\"widget\" data-widget_type=\"text-editor.default\">\n\t\t\t\t<div class=\"elementor-widget-container\">\n\t\t\t<style>\/*! elementor - v3.17.0 - 08-11-2023 *\/\n.elementor-widget-text-editor.elementor-drop-cap-view-stacked .elementor-drop-cap{background-color:#69727d;color:#fff}.elementor-widget-text-editor.elementor-drop-cap-view-framed .elementor-drop-cap{color:#69727d;border:3px solid;background-color:transparent}.elementor-widget-text-editor:not(.elementor-drop-cap-view-default) .elementor-drop-cap{margin-top:8px}.elementor-widget-text-editor:not(.elementor-drop-cap-view-default) .elementor-drop-cap-letter{width:1em;height:1em}.elementor-widget-text-editor .elementor-drop-cap{float:right;text-align:center;line-height:1;font-size:50px}.elementor-widget-text-editor .elementor-drop-cap-letter{display:inline-block}<\/style>\t\t\t\t<p><span lang=\"FR\">En 1976, le gouvernement isra\u00e9lien a annonc\u00e9 son intention de confisquer de vastes superficies appartenant exclusivement \u00e0 des citoyens arabes. Cette politique a donn\u00e9\u00a0naissance \u00e0\u00a0<a style=\"background-color: #ffffff;\" href=\"https:\/\/fr.wikipedia.org\/wiki\/Journ%C3%A9e_de_la_Terre\" target=\"_blank\" rel=\"noopener\">la Journ\u00e9e de la terre en Palestine<\/a>. Pour protester contre cette d\u00e9cision, les maires des villes et villages arabes d\u2019Isra\u00ebl ont appel\u00e9 \u00e0 l\u2019organisation d\u2019une journ\u00e9e de gr\u00e8ve g\u00e9n\u00e9rale et de marches le 30 mars 1976. Cette journ\u00e9e \u00e9tait appel\u00e9e la \u201d\u00a0Journ\u00e9e de la Terre\u201c.<\/span><\/p><p><img loading=\"lazy\" decoding=\"async\" class=\"aligncenter\" src=\"https:\/\/i0.wp.com\/theworldinstamps.com\/wp-content\/uploads\/2020\/03\/Palestine-1976-LabdDay-2-1.jpg?resize=347%2C506\" alt=\"Palestine-1976-LabdDay-2\" width=\"347\" height=\"506\" data-recalc-dims=\"1\" \/><\/p><p>L&#8217;arm\u00e9e et la police isra\u00e9liennes ont fait une descente dans les villes arabes pour disperser les manifestations et ont tir\u00e9 sur des citoyens non arm\u00e9s, tuant 6 citoyens arabes.<\/p><p>Depuis cette date, le souvenir de cette journ\u00e9e est comm\u00e9mor\u00e9 et c\u00e9l\u00e9br\u00e9 tous les 30 mars comme symbole de l&#8217;attachement des Palestiniens \u00e0 leur terre.<\/p><p>Le timbre ci-dessus a \u00e9t\u00e9 \u00e9mis par\u00a0<a style=\"background-color: #ffffff;\" href=\"https:\/\/fr.wikipedia.org\/wiki\/Organisation_de_lib%C3%A9ration_de_la_Palestine\">l\u2019Organisation de lib\u00e9ration de la Palestine (O.L.P)<\/a>\u00a0pour c\u00e9l\u00e9brer la Journ\u00e9e de la terre palestinienne.<\/p><p>Ce timbre n&#8217;a pas \u00e9t\u00e9 utilis\u00e9 comme timbre-poste.<\/p>\t\t\t\t\t\t<\/div>\n\t\t\t\t<\/div>\n\t\t\t\t\t<\/div>\n\t\t<\/div>\n\t\t\t\t\t\t\t<\/div>\n\t\t<\/section>\n\t\t\t\t\t\t\t<\/div>\n\t\t","protected":false},"excerpt":{"rendered":"<p>Pour protester contre la confiscation de leurs terres, les maires des villes arabes d&#8217;Isra\u00ebl ont appel\u00e9 \u00e0 une journ\u00e9e de gr\u00e8ve g\u00e9n\u00e9rale: \u00ab La Journ\u00e9e de la terre\u00bb.<\/p>\n","protected":false},"author":1,"featured_media":2218,"comment_status":"open","ping_status":"open","sticky":true,"template":"","format":"standard","meta":{"om_disable_all_campaigns":false,"_monsterinsights_skip_tracking":false,"_monsterinsights_sitenote_active":false,"_monsterinsights_sitenote_note":"","_monsterinsights_sitenote_category":0,"_uf_show_specific_survey":0,"_uf_disable_surveys":false,"footnotes":""},"categories":[284],"tags":[451,452,166,453],"class_list":["post-2249","post","type-post","status-publish","format-standard","has-post-thumbnail","hentry","category-palestine-fr","tag-journee-de-la-terre","tag-peuple","tag-revolution","tag-soulevement"],"yoast_head":"<!-- This site is optimized with the Yoast SEO plugin v20.7 - https:\/\/yoast.com\/wordpress\/plugins\/seo\/ -->\n<title>Palestine 1976: Journ\u00e9e de la Terre 2\/4 : The World In Stamps<\/title>\n<meta name=\"description\" content=\"Suite \u00e0 la confiscation des terres des palestiniens par les autorit\u00e9s isra\u00e9liennes, les citoyens arabes d&#039;Isra\u00ebl ont appel\u00e9 \u00e0 \u00abLa Journ\u00e9e de la terre en Palestine\u00bb\" \/>\n<meta name=\"robots\" content=\"index, follow, max-snippet:-1, max-image-preview:large, max-video-preview:-1\" \/>\n<link rel=\"canonical\" href=\"https:\/\/theworldinstamps.com\/?p=2249&lang=fr\" \/>\n<meta property=\"og:locale\" content=\"en_US\" \/>\n<meta property=\"og:type\" content=\"article\" \/>\n<meta property=\"og:title\" content=\"Palestine 1976: Journ\u00e9e de la Terre 2\/4 : The World In Stamps\" \/>\n<meta property=\"og:description\" content=\"Suite \u00e0 la confiscation des terres des palestiniens par les autorit\u00e9s isra\u00e9liennes, les citoyens arabes d&#039;Isra\u00ebl ont appel\u00e9 \u00e0 \u00abLa Journ\u00e9e de la terre en Palestine\u00bb\" \/>\n<meta property=\"og:url\" content=\"https:\/\/theworldinstamps.com\/?p=2249&amp;lang=fr\" \/>\n<meta property=\"og:site_name\" content=\"The World In Stamps\" \/>\n<meta property=\"article:publisher\" content=\"https:\/\/www.facebook.com\/TheWorldInStamps\" \/>\n<meta property=\"article:author\" content=\"https:\/\/www.facebook.com\/TheWorldInStamps\" \/>\n<meta property=\"article:published_time\" content=\"2020-03-31T18:26:53+00:00\" \/>\n<meta property=\"article:modified_time\" content=\"2022-02-03T01:41:01+00:00\" \/>\n<meta property=\"og:image\" content=\"https:\/\/i0.wp.com\/theworldinstamps.com\/wp-content\/uploads\/2020\/03\/Palestine-1976-LabdDay-2-Icon-1.jpg?fit=350%2C253&ssl=1\" \/>\n\t<meta property=\"og:image:width\" content=\"350\" \/>\n\t<meta property=\"og:image:height\" content=\"253\" \/>\n\t<meta property=\"og:image:type\" content=\"image\/jpeg\" \/>\n<meta name=\"author\" content=\"TWinSAdmin\" \/>\n<meta name=\"twitter:card\" content=\"summary_large_image\" \/>\n<meta name=\"twitter:creator\" content=\"@https:\/\/twitter.com\/stamps_world\" \/>\n<meta name=\"twitter:site\" content=\"@stamps_world\" \/>\n<meta name=\"twitter:label1\" content=\"Written by\" \/>\n\t<meta name=\"twitter:data1\" content=\"TWinSAdmin\" \/>\n\t<meta name=\"twitter:label2\" content=\"Est. reading time\" \/>\n\t<meta name=\"twitter:data2\" content=\"1 minute\" \/>\n<script type=\"application\/ld+json\" class=\"yoast-schema-graph\">{\"@context\":\"https:\/\/schema.org\",\"@graph\":[{\"@type\":\"Article\",\"@id\":\"https:\/\/theworldinstamps.com\/?p=2249&lang=fr#article\",\"isPartOf\":{\"@id\":\"https:\/\/theworldinstamps.com\/?p=2249&lang=fr\"},\"author\":{\"name\":\"TWinSAdmin\",\"@id\":\"https:\/\/theworldinstamps.com\/#\/schema\/person\/c0611d31792a5362356c7b1e1c4a0f17\"},\"headline\":\"Palestine 1976: Journ\u00e9e de la Terre 2\/4\",\"datePublished\":\"2020-03-31T18:26:53+00:00\",\"dateModified\":\"2022-02-03T01:41:01+00:00\",\"mainEntityOfPage\":{\"@id\":\"https:\/\/theworldinstamps.com\/?p=2249&lang=fr\"},\"wordCount\":185,\"commentCount\":0,\"publisher\":{\"@id\":\"https:\/\/theworldinstamps.com\/#\/schema\/person\/c0611d31792a5362356c7b1e1c4a0f17\"},\"keywords\":[\"Journ\u00e9e de la Terre\",\"Peuple\",\"revolution\",\"soulevement\"],\"articleSection\":[\"Palestine\"],\"inLanguage\":\"en-US\",\"potentialAction\":[{\"@type\":\"CommentAction\",\"name\":\"Comment\",\"target\":[\"https:\/\/theworldinstamps.com\/?p=2249&lang=fr#respond\"]}]},{\"@type\":\"WebPage\",\"@id\":\"https:\/\/theworldinstamps.com\/?p=2249&lang=fr\",\"url\":\"https:\/\/theworldinstamps.com\/?p=2249&lang=fr\",\"name\":\"Palestine 1976: Journ\u00e9e de la Terre 2\/4 : The World In Stamps\",\"isPartOf\":{\"@id\":\"https:\/\/theworldinstamps.com\/#website\"},\"datePublished\":\"2020-03-31T18:26:53+00:00\",\"dateModified\":\"2022-02-03T01:41:01+00:00\",\"description\":\"Suite \u00e0 la confiscation des terres des palestiniens par les autorit\u00e9s isra\u00e9liennes, les citoyens arabes d'Isra\u00ebl ont appel\u00e9 \u00e0 \u00abLa Journ\u00e9e de la terre en Palestine\u00bb\",\"breadcrumb\":{\"@id\":\"https:\/\/theworldinstamps.com\/?p=2249&lang=fr#breadcrumb\"},\"inLanguage\":\"en-US\",\"potentialAction\":[{\"@type\":\"ReadAction\",\"target\":[\"https:\/\/theworldinstamps.com\/?p=2249&lang=fr\"]}]},{\"@type\":\"BreadcrumbList\",\"@id\":\"https:\/\/theworldinstamps.com\/?p=2249&lang=fr#breadcrumb\",\"itemListElement\":[{\"@type\":\"ListItem\",\"position\":1,\"name\":\"Home\",\"item\":\"https:\/\/theworldinstamps.com\/?lang=ar\"},{\"@type\":\"ListItem\",\"position\":2,\"name\":\"Palestine 1976: Journ\u00e9e de la Terre 2\/4\"}]},{\"@type\":\"WebSite\",\"@id\":\"https:\/\/theworldinstamps.com\/#website\",\"url\":\"https:\/\/theworldinstamps.com\/\",\"name\":\"The World In Stamps\",\"description\":\"A journey in a stamps collection\",\"publisher\":{\"@id\":\"https:\/\/theworldinstamps.com\/#\/schema\/person\/c0611d31792a5362356c7b1e1c4a0f17\"},\"potentialAction\":[{\"@type\":\"SearchAction\",\"target\":{\"@type\":\"EntryPoint\",\"urlTemplate\":\"https:\/\/theworldinstamps.com\/?s={search_term_string}\"},\"query-input\":\"required name=search_term_string\"}],\"inLanguage\":\"en-US\"},{\"@type\":[\"Person\",\"Organization\"],\"@id\":\"https:\/\/theworldinstamps.com\/#\/schema\/person\/c0611d31792a5362356c7b1e1c4a0f17\",\"name\":\"TWinSAdmin\",\"image\":{\"@type\":\"ImageObject\",\"inLanguage\":\"en-US\",\"@id\":\"https:\/\/theworldinstamps.com\/#\/schema\/person\/image\/\",\"url\":\"https:\/\/i0.wp.com\/theworldinstamps.com\/wp-content\/uploads\/2020\/07\/Site_Icon5-1.png?fit=512%2C512&ssl=1\",\"contentUrl\":\"https:\/\/i0.wp.com\/theworldinstamps.com\/wp-content\/uploads\/2020\/07\/Site_Icon5-1.png?fit=512%2C512&ssl=1\",\"width\":512,\"height\":512,\"caption\":\"TWinSAdmin\"},\"logo\":{\"@id\":\"https:\/\/theworldinstamps.com\/#\/schema\/person\/image\/\"},\"sameAs\":[\"https:\/\/www.facebook.com\/TheWorldInStamps\",\"https:\/\/www.pinterest.fr\/safwanq\/\",\"https:\/\/twitter.com\/https:\/\/twitter.com\/stamps_world\"],\"url\":\"https:\/\/theworldinstamps.com\/?author=1\"}]}<\/script>\n<!-- \/ Yoast SEO plugin. -->","yoast_head_json":{"title":"Palestine 1976: Journ\u00e9e de la Terre 2\/4 : The World In Stamps","description":"Suite \u00e0 la confiscation des terres des palestiniens par les autorit\u00e9s isra\u00e9liennes, les citoyens arabes d'Isra\u00ebl ont appel\u00e9 \u00e0 \u00abLa Journ\u00e9e de la terre en Palestine\u00bb","robots":{"index":"index","follow":"follow","max-snippet":"max-snippet:-1","max-image-preview":"max-image-preview:large","max-video-preview":"max-video-preview:-1"},"canonical":"https:\/\/theworldinstamps.com\/?p=2249&lang=fr","og_locale":"en_US","og_type":"article","og_title":"Palestine 1976: Journ\u00e9e de la Terre 2\/4 : The World In Stamps","og_description":"Suite \u00e0 la confiscation des terres des palestiniens par les autorit\u00e9s isra\u00e9liennes, les citoyens arabes d'Isra\u00ebl ont appel\u00e9 \u00e0 \u00abLa Journ\u00e9e de la terre en Palestine\u00bb","og_url":"https:\/\/theworldinstamps.com\/?p=2249&lang=fr","og_site_name":"The World In Stamps","article_publisher":"https:\/\/www.facebook.com\/TheWorldInStamps","article_author":"https:\/\/www.facebook.com\/TheWorldInStamps","article_published_time":"2020-03-31T18:26:53+00:00","article_modified_time":"2022-02-03T01:41:01+00:00","og_image":[{"width":350,"height":253,"url":"https:\/\/i0.wp.com\/theworldinstamps.com\/wp-content\/uploads\/2020\/03\/Palestine-1976-LabdDay-2-Icon-1.jpg?fit=350%2C253&ssl=1","type":"image\/jpeg"}],"author":"TWinSAdmin","twitter_card":"summary_large_image","twitter_creator":"@https:\/\/twitter.com\/stamps_world","twitter_site":"@stamps_world","twitter_misc":{"Written by":"TWinSAdmin","Est. reading time":"1 minute"},"schema":{"@context":"https:\/\/schema.org","@graph":[{"@type":"Article","@id":"https:\/\/theworldinstamps.com\/?p=2249&lang=fr#article","isPartOf":{"@id":"https:\/\/theworldinstamps.com\/?p=2249&lang=fr"},"author":{"name":"TWinSAdmin","@id":"https:\/\/theworldinstamps.com\/#\/schema\/person\/c0611d31792a5362356c7b1e1c4a0f17"},"headline":"Palestine 1976: Journ\u00e9e de la Terre 2\/4","datePublished":"2020-03-31T18:26:53+00:00","dateModified":"2022-02-03T01:41:01+00:00","mainEntityOfPage":{"@id":"https:\/\/theworldinstamps.com\/?p=2249&lang=fr"},"wordCount":185,"commentCount":0,"publisher":{"@id":"https:\/\/theworldinstamps.com\/#\/schema\/person\/c0611d31792a5362356c7b1e1c4a0f17"},"keywords":["Journ\u00e9e de la Terre","Peuple","revolution","soulevement"],"articleSection":["Palestine"],"inLanguage":"en-US","potentialAction":[{"@type":"CommentAction","name":"Comment","target":["https:\/\/theworldinstamps.com\/?p=2249&lang=fr#respond"]}]},{"@type":"WebPage","@id":"https:\/\/theworldinstamps.com\/?p=2249&lang=fr","url":"https:\/\/theworldinstamps.com\/?p=2249&lang=fr","name":"Palestine 1976: Journ\u00e9e de la Terre 2\/4 : The World In Stamps","isPartOf":{"@id":"https:\/\/theworldinstamps.com\/#website"},"datePublished":"2020-03-31T18:26:53+00:00","dateModified":"2022-02-03T01:41:01+00:00","description":"Suite \u00e0 la confiscation des terres des palestiniens par les autorit\u00e9s isra\u00e9liennes, les citoyens arabes d'Isra\u00ebl ont appel\u00e9 \u00e0 \u00abLa Journ\u00e9e de la terre en Palestine\u00bb","breadcrumb":{"@id":"https:\/\/theworldinstamps.com\/?p=2249&lang=fr#breadcrumb"},"inLanguage":"en-US","potentialAction":[{"@type":"ReadAction","target":["https:\/\/theworldinstamps.com\/?p=2249&lang=fr"]}]},{"@type":"BreadcrumbList","@id":"https:\/\/theworldinstamps.com\/?p=2249&lang=fr#breadcrumb","itemListElement":[{"@type":"ListItem","position":1,"name":"Home","item":"https:\/\/theworldinstamps.com\/?lang=ar"},{"@type":"ListItem","position":2,"name":"Palestine 1976: Journ\u00e9e de la Terre 2\/4"}]},{"@type":"WebSite","@id":"https:\/\/theworldinstamps.com\/#website","url":"https:\/\/theworldinstamps.com\/","name":"The World In Stamps","description":"A journey in a stamps collection","publisher":{"@id":"https:\/\/theworldinstamps.com\/#\/schema\/person\/c0611d31792a5362356c7b1e1c4a0f17"},"potentialAction":[{"@type":"SearchAction","target":{"@type":"EntryPoint","urlTemplate":"https:\/\/theworldinstamps.com\/?s={search_term_string}"},"query-input":"required name=search_term_string"}],"inLanguage":"en-US"},{"@type":["Person","Organization"],"@id":"https:\/\/theworldinstamps.com\/#\/schema\/person\/c0611d31792a5362356c7b1e1c4a0f17","name":"TWinSAdmin","image":{"@type":"ImageObject","inLanguage":"en-US","@id":"https:\/\/theworldinstamps.com\/#\/schema\/person\/image\/","url":"https:\/\/i0.wp.com\/theworldinstamps.com\/wp-content\/uploads\/2020\/07\/Site_Icon5-1.png?fit=512%2C512&ssl=1","contentUrl":"https:\/\/i0.wp.com\/theworldinstamps.com\/wp-content\/uploads\/2020\/07\/Site_Icon5-1.png?fit=512%2C512&ssl=1","width":512,"height":512,"caption":"TWinSAdmin"},"logo":{"@id":"https:\/\/theworldinstamps.com\/#\/schema\/person\/image\/"},"sameAs":["https:\/\/www.facebook.com\/TheWorldInStamps","https:\/\/www.pinterest.fr\/safwanq\/","https:\/\/twitter.com\/https:\/\/twitter.com\/stamps_world"],"url":"https:\/\/theworldinstamps.com\/?author=1"}]}},"jetpack_featured_media_url":"https:\/\/i0.wp.com\/theworldinstamps.com\/wp-content\/uploads\/2020\/03\/Palestine-1976-LabdDay-2-Icon-1.jpg?fit=350%2C253&ssl=1","jetpack-related-posts":[{"id":2245,"url":"https:\/\/theworldinstamps.com\/?p=2245&lang=fr","url_meta":{"origin":2249,"position":0},"title":"Palestine 1976: Journ\u00e9e de la Terre 1\/4","date":"March 31, 2020","format":false,"excerpt":"Pour protester contre la confiscation de leurs terres par les autorit\u00e9s isra\u00e9liennes, les maires des villes arabes d'Isra\u00ebl ont appel\u00e9 \u00e0 une journ\u00e9e de gr\u00e8ve g\u00e9n\u00e9rale: \u00ab La Journ\u00e9e de la terre\u00bb.","rel":"","context":"In &quot;Palestine&quot;","img":{"alt_text":"Palestine-1976-LandDay-1","src":"https:\/\/i0.wp.com\/theworldinstamps.com\/wp-content\/uploads\/2020\/03\/Palestine-1976-LabdDay-1-Icon-1.jpg?fit=350%2C251&ssl=1&resize=350%2C200","width":350,"height":200},"classes":[]},{"id":2257,"url":"https:\/\/theworldinstamps.com\/?p=2257&lang=fr","url_meta":{"origin":2249,"position":1},"title":"Palestine 1976: Journ\u00e9e de la Terre 4\/4","date":"March 31, 2020","format":false,"excerpt":"Suite \u00e0 la confiscation des terres des palestiniens par les autorit\u00e9s isra\u00e9liennes, les citoyens arabes d'Isra\u00ebl ont appel\u00e9 \u00e0 \u00abLa Journ\u00e9e de la terre en Palestine\u00bb","rel":"","context":"In &quot;Palestine&quot;","img":{"alt_text":"","src":"https:\/\/i0.wp.com\/theworldinstamps.com\/wp-content\/uploads\/2020\/03\/Palestine-1976-LabdDay-4-Icon-1.jpg?fit=350%2C253&ssl=1&resize=350%2C200","width":350,"height":200},"classes":[]},{"id":11974,"url":"https:\/\/theworldinstamps.com\/?p=11974&lang=fr","url_meta":{"origin":2249,"position":2},"title":"La Journ\u00e9e internationale de solidarit\u00e9 avec le peuple palestinien: Koweit 1979","date":"November 29, 2024","format":false,"excerpt":"La journ\u00e9e de solidarit\u00e9 avec le peuple palestinien montre le soutien de la communaut\u00e9 internationale \u00e0 la paix et \u00e0 la justice en Palestine.","rel":"","context":"In &quot;Koweit&quot;","img":{"alt_text":"International Day of Solidarity with the Palestinian People, Kuwait-1979","src":"https:\/\/i0.wp.com\/theworldinstamps.com\/wp-content\/uploads\/2024\/11\/Kuwait-1979-827_Icon.jpg?fit=1200%2C900&ssl=1&resize=350%2C200","width":350,"height":200},"classes":[]},{"id":3836,"url":"https:\/\/theworldinstamps.com\/?p=3836&lang=fr","url_meta":{"origin":2249,"position":3},"title":"D\u00e9claration de l&#8217;Etat de Palestine en Alg\u00e9rie 1988","date":"July 12, 2021","format":false,"excerpt":"Entier Potal comm\u00e9morant le 30e anniversaire de la d\u00e9claration de l'\u00c9tat de Palestine, qui a eu lieu \u00e0 Alger en 1988.","rel":"","context":"In &quot;Algerie&quot;","img":{"alt_text":"30th anniversary of the declaration of the Palestinian state","src":"https:\/\/i0.wp.com\/theworldinstamps.com\/wp-content\/uploads\/2021\/07\/Algeria-2018-Palestine-State-Icon2.png?fit=450%2C400&ssl=1&resize=350%2C200","width":350,"height":200},"classes":[]},{"id":2720,"url":"https:\/\/theworldinstamps.com\/?p=2720&lang=fr","url_meta":{"origin":2249,"position":4},"title":"Reconnaissance par la FIFA de la Palestine &#8211; 2013","date":"July 4, 2020","format":false,"excerpt":"La Palestine a obtenu la reconnaissance par la FIFA de son stade domicile en 2013. Un timbre palestinien a \u00e9t\u00e9 \u00e9mis a cette occasion.","rel":"","context":"In &quot;Palestine&quot;","img":{"alt_text":"Palestine 2013 - Recognition of Palestinian Home Ground by FIFA","src":"https:\/\/i0.wp.com\/theworldinstamps.com\/wp-content\/uploads\/2020\/07\/Palestine-2013-FIFA-300x300.jpg?resize=350%2C200","width":350,"height":200},"classes":[]},{"id":4538,"url":"https:\/\/theworldinstamps.com\/?p=4538&lang=fr","url_meta":{"origin":2249,"position":5},"title":"Sites touristiques en Jordanie \u2013 1971","date":"August 24, 2021","format":false,"excerpt":"Cette s\u00e9rie de cinq timbres repr\u00e9sente les diff\u00e9rents Sites touristiques en Jordanie, dont les villes de J\u00e9rusalem et de Bethl\u00e9em.","rel":"","context":"In &quot;Jordanie&quot;","img":{"alt_text":"Sites touristiques en Jordanie","src":"https:\/\/i0.wp.com\/theworldinstamps.com\/wp-content\/uploads\/2021\/08\/Jordan-1971-YT-688-692-Icon-2.jpg?fit=450%2C390&ssl=1&resize=350%2C200","width":350,"height":200},"classes":[]}],"_links":{"self":[{"href":"https:\/\/theworldinstamps.com\/index.php?rest_route=\/wp\/v2\/posts\/2249","targetHints":{"allow":["GET"]}}],"collection":[{"href":"https:\/\/theworldinstamps.com\/index.php?rest_route=\/wp\/v2\/posts"}],"about":[{"href":"https:\/\/theworldinstamps.com\/index.php?rest_route=\/wp\/v2\/types\/post"}],"author":[{"embeddable":true,"href":"https:\/\/theworldinstamps.com\/index.php?rest_route=\/wp\/v2\/users\/1"}],"replies":[{"embeddable":true,"href":"https:\/\/theworldinstamps.com\/index.php?rest_route=%2Fwp%2Fv2%2Fcomments&post=2249"}],"version-history":[{"count":6,"href":"https:\/\/theworldinstamps.com\/index.php?rest_route=\/wp\/v2\/posts\/2249\/revisions"}],"predecessor-version":[{"id":5642,"href":"https:\/\/theworldinstamps.com\/index.php?rest_route=\/wp\/v2\/posts\/2249\/revisions\/5642"}],"wp:featuredmedia":[{"embeddable":true,"href":"https:\/\/theworldinstamps.com\/index.php?rest_route=\/wp\/v2\/media\/2218"}],"wp:attachment":[{"href":"https:\/\/theworldinstamps.com\/index.php?rest_route=%2Fwp%2Fv2%2Fmedia&parent=2249"}],"wp:term":[{"taxonomy":"category","embeddable":true,"href":"https:\/\/theworldinstamps.com\/index.php?rest_route=%2Fwp%2Fv2%2Fcategories&post=2249"},{"taxonomy":"post_tag","embeddable":true,"href":"https:\/\/theworldinstamps.com\/index.php?rest_route=%2Fwp%2Fv2%2Ftags&post=2249"}],"curies":[{"name":"wp","href":"https:\/\/api.w.org\/{rel}","templated":true}]}}