{"id":2841,"date":"2020-07-22T05:02:48","date_gmt":"2020-07-22T02:02:48","guid":{"rendered":"http:\/\/theworldinstamps.com\/?p=2841"},"modified":"2022-07-29T11:40:59","modified_gmt":"2022-07-29T08:40:59","slug":"annee-des-droits-de-lhomme","status":"publish","type":"post","link":"https:\/\/theworldinstamps.com\/?p=2841&lang=fr","title":{"rendered":"Ann\u00e9e internationale des droits de l&#8217;homme: 1968"},"content":{"rendered":"\t\t<div data-elementor-type=\"wp-post\" data-elementor-id=\"2841\" class=\"elementor elementor-2841\">\n\t\t\t\t\t\t\t\t\t<section class=\"elementor-section elementor-top-section elementor-element elementor-element-3c5ca2d elementor-section-boxed elementor-section-height-default elementor-section-height-default\" data-id=\"3c5ca2d\" data-element_type=\"section\">\n\t\t\t\t\t\t<div class=\"elementor-container elementor-column-gap-default\">\n\t\t\t\t\t<div class=\"elementor-column elementor-col-100 elementor-top-column elementor-element elementor-element-dab3273\" data-id=\"dab3273\" data-element_type=\"column\">\n\t\t\t<div class=\"elementor-widget-wrap elementor-element-populated\">\n\t\t\t\t\t\t\t\t<div class=\"elementor-element elementor-element-56a6516 elementor-widget elementor-widget-text-editor\" data-id=\"56a6516\" data-element_type=\"widget\" data-widget_type=\"text-editor.default\">\n\t\t\t\t<div class=\"elementor-widget-container\">\n\t\t\t<style>\/*! elementor - v3.17.0 - 08-11-2023 *\/\n.elementor-widget-text-editor.elementor-drop-cap-view-stacked .elementor-drop-cap{background-color:#69727d;color:#fff}.elementor-widget-text-editor.elementor-drop-cap-view-framed .elementor-drop-cap{color:#69727d;border:3px solid;background-color:transparent}.elementor-widget-text-editor:not(.elementor-drop-cap-view-default) .elementor-drop-cap{margin-top:8px}.elementor-widget-text-editor:not(.elementor-drop-cap-view-default) .elementor-drop-cap-letter{width:1em;height:1em}.elementor-widget-text-editor .elementor-drop-cap{float:right;text-align:center;line-height:1;font-size:50px}.elementor-widget-text-editor .elementor-drop-cap-letter{display:inline-block}<\/style>\t\t\t\t<p style=\"text-align: left;\">Le 10 d\u00e9cembre 1948, l&#8217;Assembl\u00e9e g\u00e9n\u00e9rale des Nations Unies a adopt\u00e9 la D\u00e9claration Universelle des Droits de l&#8217;Homme. Vingt ans plus tard, l&#8217;Assembl\u00e9e g\u00e9n\u00e9rale a adopt\u00e9 \u00e0 l&#8217;unanimit\u00e9 la d\u00e9cision de d\u00e9clarer 1968 Ann\u00e9e internationale des droits de l&#8217;homme.<\/p>\t\t\t\t\t\t<\/div>\n\t\t\t\t<\/div>\n\t\t\t\t\t<\/div>\n\t\t<\/div>\n\t\t\t\t\t\t\t<\/div>\n\t\t<\/section>\n\t\t\t\t<section class=\"elementor-section elementor-top-section elementor-element elementor-element-98db35 elementor-section-boxed elementor-section-height-default elementor-section-height-default\" data-id=\"98db35\" data-element_type=\"section\">\n\t\t\t\t\t\t<div class=\"elementor-container elementor-column-gap-default\">\n\t\t\t\t\t<div class=\"elementor-column elementor-col-100 elementor-top-column elementor-element elementor-element-469d5961\" data-id=\"469d5961\" data-element_type=\"column\">\n\t\t\t<div class=\"elementor-widget-wrap elementor-element-populated\">\n\t\t\t\t\t\t\t\t<div class=\"elementor-element elementor-element-b390bcb elementor-widget elementor-widget-text-editor\" data-id=\"b390bcb\" data-element_type=\"widget\" data-widget_type=\"text-editor.default\">\n\t\t\t\t<div class=\"elementor-widget-container\">\n\t\t\t\t\t\t\t<!-- wp:image {\"id\":1254,\"align\":\"left\"} -->\n<div class=\"wp-block-image\"><figure class=\"alignleft\"><img loading=\"lazy\" decoding=\"async\" width=\"1024\" height=\"663\" src=\"https:\/\/i0.wp.com\/theworldinstamps.com\/wp-content\/uploads\/2019\/11\/UAR-1968-HumanRightsYear-1024x663.jpg?resize=640%2C414\" alt=\"\" class=\"wp-image-1254\" data-recalc-dims=\"1\" srcset=\"https:\/\/i0.wp.com\/theworldinstamps.com\/wp-content\/uploads\/2019\/11\/UAR-1968-HumanRightsYear.jpg?resize=1024%2C663&amp;ssl=1 1024w, https:\/\/i0.wp.com\/theworldinstamps.com\/wp-content\/uploads\/2019\/11\/UAR-1968-HumanRightsYear.jpg?resize=300%2C194&amp;ssl=1 300w, https:\/\/i0.wp.com\/theworldinstamps.com\/wp-content\/uploads\/2019\/11\/UAR-1968-HumanRightsYear.jpg?resize=768%2C497&amp;ssl=1 768w, https:\/\/i0.wp.com\/theworldinstamps.com\/wp-content\/uploads\/2019\/11\/UAR-1968-HumanRightsYear.jpg?w=1312&amp;ssl=1 1312w\" sizes=\"auto, (max-width: 640px) 100vw, 640px\" \/><\/figure><\/div>\n<!-- \/wp:image -->\t\t\t\t\t\t<\/div>\n\t\t\t\t<\/div>\n\t\t\t\t\t<\/div>\n\t\t<\/div>\n\t\t\t\t\t\t\t<\/div>\n\t\t<\/section>\n\t\t\t\t<section class=\"elementor-section elementor-top-section elementor-element elementor-element-b2317a4 elementor-section-boxed elementor-section-height-default elementor-section-height-default\" data-id=\"b2317a4\" data-element_type=\"section\">\n\t\t\t\t\t\t<div class=\"elementor-container elementor-column-gap-default\">\n\t\t\t\t\t<div class=\"elementor-column elementor-col-100 elementor-top-column elementor-element elementor-element-c278f09\" data-id=\"c278f09\" data-element_type=\"column\">\n\t\t\t<div class=\"elementor-widget-wrap elementor-element-populated\">\n\t\t\t\t\t\t\t\t<div class=\"elementor-element elementor-element-0e257af elementor-widget elementor-widget-text-editor\" data-id=\"0e257af\" data-element_type=\"widget\" data-widget_type=\"text-editor.default\">\n\t\t\t\t<div class=\"elementor-widget-container\">\n\t\t\t\t\t\t\t<p>Un grand nombre de pays dans le monde ont \u00e9mis des timbres-poste pour comm\u00e9morer cette ann\u00e9e et sensibiliser aux droits de l&#8217;homme<\/p>\n<p>L&#8217;image ci-dessus repr\u00e9sente l&#8217;enveloppe du premier jour de deux\u00a0<a href=\"https:\/\/fr.wikipedia.org\/wiki\/%C3%89gypte\" target=\"_blank\" rel=\"noopener\">timbres \u00e9gyptiens<\/a>\u00a0\u00e9mis \u00e0 cette occasion le 1er juillet 1968 \u00e0 l&#8217;\u00e9poque o\u00f9 le nom officiel de l&#8217;\u00c9gypte \u00e9tait la R\u00e9publique Arabe Unie.<\/p>\n<p>Les autres timbre d&#8217;Egypte\u00a0<a href=\"https:\/\/theworldinstamps.com\/?page_id=2828&amp;lang=fr\" target=\"_blank\" rel=\"noopener\">sont visibles ici<\/a>.<\/p>\n<p>[pvcp_1]<\/p>\t\t\t\t\t\t<\/div>\n\t\t\t\t<\/div>\n\t\t\t\t\t<\/div>\n\t\t<\/div>\n\t\t\t\t\t\t\t<\/div>\n\t\t<\/section>\n\t\t\t\t\t\t\t<\/div>\n\t\t","protected":false},"excerpt":{"rendered":"<p>L\u2019Assembl\u00e9e g\u00e9n\u00e9rale a adopt\u00e9 \u00e0 l\u2019unanimit\u00e9 la d\u00e9cision de d\u00e9clarer 1968 Ann\u00e9e internationale des droits de l\u2019homme.<\/p>\n","protected":false},"author":1,"featured_media":1264,"comment_status":"open","ping_status":"open","sticky":true,"template":"","format":"standard","meta":{"om_disable_all_campaigns":false,"_monsterinsights_skip_tracking":false,"_monsterinsights_sitenote_active":false,"_monsterinsights_sitenote_note":"","_monsterinsights_sitenote_category":0,"_uf_show_specific_survey":0,"_uf_disable_surveys":false,"footnotes":""},"categories":[259,307],"tags":[351],"class_list":["post-2841","post","type-post","status-publish","format-standard","has-post-thumbnail","hentry","category-egypt-fr","category-united-arab-republic-fr","tag-annee-internationale-des-droits-de-lhomme"],"yoast_head":"<!-- This site is optimized with the Yoast SEO plugin v20.7 - https:\/\/yoast.com\/wordpress\/plugins\/seo\/ -->\n<title>Ann\u00e9e internationale des droits de l&#039;homme: 1968 : The World In Stamps<\/title>\n<meta name=\"description\" content=\"L\u2019Assembl\u00e9e g\u00e9n\u00e9rale a adopt\u00e9 \u00e0 l\u2019unanimit\u00e9 la d\u00e9cision de d\u00e9clarer 1968 Ann\u00e9e internationale des droits de l\u2019homme.\" \/>\n<meta name=\"robots\" content=\"index, follow, max-snippet:-1, max-image-preview:large, max-video-preview:-1\" \/>\n<link rel=\"canonical\" href=\"https:\/\/theworldinstamps.com\/?p=2841&lang=fr\" \/>\n<meta property=\"og:locale\" content=\"en_US\" \/>\n<meta property=\"og:type\" content=\"article\" \/>\n<meta property=\"og:title\" content=\"Ann\u00e9e internationale des droits de l&#039;homme: 1968 : The World In Stamps\" \/>\n<meta property=\"og:description\" content=\"L\u2019Assembl\u00e9e g\u00e9n\u00e9rale a adopt\u00e9 \u00e0 l\u2019unanimit\u00e9 la d\u00e9cision de d\u00e9clarer 1968 Ann\u00e9e internationale des droits de l\u2019homme.\" \/>\n<meta property=\"og:url\" content=\"https:\/\/theworldinstamps.com\/?p=2841&amp;lang=fr\" \/>\n<meta property=\"og:site_name\" content=\"The World In Stamps\" \/>\n<meta property=\"article:publisher\" content=\"https:\/\/www.facebook.com\/TheWorldInStamps\" \/>\n<meta property=\"article:author\" content=\"https:\/\/www.facebook.com\/TheWorldInStamps\" \/>\n<meta property=\"article:published_time\" content=\"2020-07-22T02:02:48+00:00\" \/>\n<meta property=\"article:modified_time\" content=\"2022-07-29T08:40:59+00:00\" \/>\n<meta property=\"og:image\" content=\"https:\/\/i0.wp.com\/theworldinstamps.com\/wp-content\/uploads\/2019\/11\/UAR-1968-HumanRightsYear-Icon-1.jpg?fit=300%2C258&ssl=1\" \/>\n\t<meta property=\"og:image:width\" content=\"300\" \/>\n\t<meta property=\"og:image:height\" content=\"258\" \/>\n\t<meta property=\"og:image:type\" content=\"image\/jpeg\" \/>\n<meta name=\"author\" content=\"TWinSAdmin\" \/>\n<meta name=\"twitter:card\" content=\"summary_large_image\" \/>\n<meta name=\"twitter:creator\" content=\"@https:\/\/twitter.com\/stamps_world\" \/>\n<meta name=\"twitter:site\" content=\"@stamps_world\" \/>\n<meta name=\"twitter:label1\" content=\"Written by\" \/>\n\t<meta name=\"twitter:data1\" content=\"TWinSAdmin\" \/>\n\t<meta name=\"twitter:label2\" content=\"Est. reading time\" \/>\n\t<meta name=\"twitter:data2\" content=\"1 minute\" \/>\n<script type=\"application\/ld+json\" class=\"yoast-schema-graph\">{\"@context\":\"https:\/\/schema.org\",\"@graph\":[{\"@type\":\"Article\",\"@id\":\"https:\/\/theworldinstamps.com\/?p=2841&lang=fr#article\",\"isPartOf\":{\"@id\":\"https:\/\/theworldinstamps.com\/?p=2841&lang=fr\"},\"author\":{\"name\":\"TWinSAdmin\",\"@id\":\"https:\/\/theworldinstamps.com\/#\/schema\/person\/c0611d31792a5362356c7b1e1c4a0f17\"},\"headline\":\"Ann\u00e9e internationale des droits de l&#8217;homme: 1968\",\"datePublished\":\"2020-07-22T02:02:48+00:00\",\"dateModified\":\"2022-07-29T08:40:59+00:00\",\"mainEntityOfPage\":{\"@id\":\"https:\/\/theworldinstamps.com\/?p=2841&lang=fr\"},\"wordCount\":121,\"commentCount\":0,\"publisher\":{\"@id\":\"https:\/\/theworldinstamps.com\/#\/schema\/person\/c0611d31792a5362356c7b1e1c4a0f17\"},\"keywords\":[\"Annee internationale des droits de l&#039;homme\"],\"articleSection\":[\"Egypt\",\"Republique Arabe Unie\"],\"inLanguage\":\"en-US\",\"potentialAction\":[{\"@type\":\"CommentAction\",\"name\":\"Comment\",\"target\":[\"https:\/\/theworldinstamps.com\/?p=2841&lang=fr#respond\"]}]},{\"@type\":\"WebPage\",\"@id\":\"https:\/\/theworldinstamps.com\/?p=2841&lang=fr\",\"url\":\"https:\/\/theworldinstamps.com\/?p=2841&lang=fr\",\"name\":\"Ann\u00e9e internationale des droits de l'homme: 1968 : The World In Stamps\",\"isPartOf\":{\"@id\":\"https:\/\/theworldinstamps.com\/#website\"},\"datePublished\":\"2020-07-22T02:02:48+00:00\",\"dateModified\":\"2022-07-29T08:40:59+00:00\",\"description\":\"L\u2019Assembl\u00e9e g\u00e9n\u00e9rale a adopt\u00e9 \u00e0 l\u2019unanimit\u00e9 la d\u00e9cision de d\u00e9clarer 1968 Ann\u00e9e internationale des droits de l\u2019homme.\",\"breadcrumb\":{\"@id\":\"https:\/\/theworldinstamps.com\/?p=2841&lang=fr#breadcrumb\"},\"inLanguage\":\"en-US\",\"potentialAction\":[{\"@type\":\"ReadAction\",\"target\":[\"https:\/\/theworldinstamps.com\/?p=2841&lang=fr\"]}]},{\"@type\":\"BreadcrumbList\",\"@id\":\"https:\/\/theworldinstamps.com\/?p=2841&lang=fr#breadcrumb\",\"itemListElement\":[{\"@type\":\"ListItem\",\"position\":1,\"name\":\"Home\",\"item\":\"https:\/\/theworldinstamps.com\/?lang=ar\"},{\"@type\":\"ListItem\",\"position\":2,\"name\":\"Ann\u00e9e internationale des droits de l&#8217;homme: 1968\"}]},{\"@type\":\"WebSite\",\"@id\":\"https:\/\/theworldinstamps.com\/#website\",\"url\":\"https:\/\/theworldinstamps.com\/\",\"name\":\"The World In Stamps\",\"description\":\"A journey in a stamps collection\",\"publisher\":{\"@id\":\"https:\/\/theworldinstamps.com\/#\/schema\/person\/c0611d31792a5362356c7b1e1c4a0f17\"},\"potentialAction\":[{\"@type\":\"SearchAction\",\"target\":{\"@type\":\"EntryPoint\",\"urlTemplate\":\"https:\/\/theworldinstamps.com\/?s={search_term_string}\"},\"query-input\":\"required name=search_term_string\"}],\"inLanguage\":\"en-US\"},{\"@type\":[\"Person\",\"Organization\"],\"@id\":\"https:\/\/theworldinstamps.com\/#\/schema\/person\/c0611d31792a5362356c7b1e1c4a0f17\",\"name\":\"TWinSAdmin\",\"image\":{\"@type\":\"ImageObject\",\"inLanguage\":\"en-US\",\"@id\":\"https:\/\/theworldinstamps.com\/#\/schema\/person\/image\/\",\"url\":\"https:\/\/i0.wp.com\/theworldinstamps.com\/wp-content\/uploads\/2020\/07\/Site_Icon5-1.png?fit=512%2C512&ssl=1\",\"contentUrl\":\"https:\/\/i0.wp.com\/theworldinstamps.com\/wp-content\/uploads\/2020\/07\/Site_Icon5-1.png?fit=512%2C512&ssl=1\",\"width\":512,\"height\":512,\"caption\":\"TWinSAdmin\"},\"logo\":{\"@id\":\"https:\/\/theworldinstamps.com\/#\/schema\/person\/image\/\"},\"sameAs\":[\"https:\/\/www.facebook.com\/TheWorldInStamps\",\"https:\/\/www.pinterest.fr\/safwanq\/\",\"https:\/\/twitter.com\/https:\/\/twitter.com\/stamps_world\"],\"url\":\"https:\/\/theworldinstamps.com\/?author=1\"}]}<\/script>\n<!-- \/ Yoast SEO plugin. -->","yoast_head_json":{"title":"Ann\u00e9e internationale des droits de l'homme: 1968 : The World In Stamps","description":"L\u2019Assembl\u00e9e g\u00e9n\u00e9rale a adopt\u00e9 \u00e0 l\u2019unanimit\u00e9 la d\u00e9cision de d\u00e9clarer 1968 Ann\u00e9e internationale des droits de l\u2019homme.","robots":{"index":"index","follow":"follow","max-snippet":"max-snippet:-1","max-image-preview":"max-image-preview:large","max-video-preview":"max-video-preview:-1"},"canonical":"https:\/\/theworldinstamps.com\/?p=2841&lang=fr","og_locale":"en_US","og_type":"article","og_title":"Ann\u00e9e internationale des droits de l'homme: 1968 : The World In Stamps","og_description":"L\u2019Assembl\u00e9e g\u00e9n\u00e9rale a adopt\u00e9 \u00e0 l\u2019unanimit\u00e9 la d\u00e9cision de d\u00e9clarer 1968 Ann\u00e9e internationale des droits de l\u2019homme.","og_url":"https:\/\/theworldinstamps.com\/?p=2841&lang=fr","og_site_name":"The World In Stamps","article_publisher":"https:\/\/www.facebook.com\/TheWorldInStamps","article_author":"https:\/\/www.facebook.com\/TheWorldInStamps","article_published_time":"2020-07-22T02:02:48+00:00","article_modified_time":"2022-07-29T08:40:59+00:00","og_image":[{"width":300,"height":258,"url":"https:\/\/i0.wp.com\/theworldinstamps.com\/wp-content\/uploads\/2019\/11\/UAR-1968-HumanRightsYear-Icon-1.jpg?fit=300%2C258&ssl=1","type":"image\/jpeg"}],"author":"TWinSAdmin","twitter_card":"summary_large_image","twitter_creator":"@https:\/\/twitter.com\/stamps_world","twitter_site":"@stamps_world","twitter_misc":{"Written by":"TWinSAdmin","Est. reading time":"1 minute"},"schema":{"@context":"https:\/\/schema.org","@graph":[{"@type":"Article","@id":"https:\/\/theworldinstamps.com\/?p=2841&lang=fr#article","isPartOf":{"@id":"https:\/\/theworldinstamps.com\/?p=2841&lang=fr"},"author":{"name":"TWinSAdmin","@id":"https:\/\/theworldinstamps.com\/#\/schema\/person\/c0611d31792a5362356c7b1e1c4a0f17"},"headline":"Ann\u00e9e internationale des droits de l&#8217;homme: 1968","datePublished":"2020-07-22T02:02:48+00:00","dateModified":"2022-07-29T08:40:59+00:00","mainEntityOfPage":{"@id":"https:\/\/theworldinstamps.com\/?p=2841&lang=fr"},"wordCount":121,"commentCount":0,"publisher":{"@id":"https:\/\/theworldinstamps.com\/#\/schema\/person\/c0611d31792a5362356c7b1e1c4a0f17"},"keywords":["Annee internationale des droits de l&#039;homme"],"articleSection":["Egypt","Republique Arabe Unie"],"inLanguage":"en-US","potentialAction":[{"@type":"CommentAction","name":"Comment","target":["https:\/\/theworldinstamps.com\/?p=2841&lang=fr#respond"]}]},{"@type":"WebPage","@id":"https:\/\/theworldinstamps.com\/?p=2841&lang=fr","url":"https:\/\/theworldinstamps.com\/?p=2841&lang=fr","name":"Ann\u00e9e internationale des droits de l'homme: 1968 : The World In Stamps","isPartOf":{"@id":"https:\/\/theworldinstamps.com\/#website"},"datePublished":"2020-07-22T02:02:48+00:00","dateModified":"2022-07-29T08:40:59+00:00","description":"L\u2019Assembl\u00e9e g\u00e9n\u00e9rale a adopt\u00e9 \u00e0 l\u2019unanimit\u00e9 la d\u00e9cision de d\u00e9clarer 1968 Ann\u00e9e internationale des droits de l\u2019homme.","breadcrumb":{"@id":"https:\/\/theworldinstamps.com\/?p=2841&lang=fr#breadcrumb"},"inLanguage":"en-US","potentialAction":[{"@type":"ReadAction","target":["https:\/\/theworldinstamps.com\/?p=2841&lang=fr"]}]},{"@type":"BreadcrumbList","@id":"https:\/\/theworldinstamps.com\/?p=2841&lang=fr#breadcrumb","itemListElement":[{"@type":"ListItem","position":1,"name":"Home","item":"https:\/\/theworldinstamps.com\/?lang=ar"},{"@type":"ListItem","position":2,"name":"Ann\u00e9e internationale des droits de l&#8217;homme: 1968"}]},{"@type":"WebSite","@id":"https:\/\/theworldinstamps.com\/#website","url":"https:\/\/theworldinstamps.com\/","name":"The World In Stamps","description":"A journey in a stamps collection","publisher":{"@id":"https:\/\/theworldinstamps.com\/#\/schema\/person\/c0611d31792a5362356c7b1e1c4a0f17"},"potentialAction":[{"@type":"SearchAction","target":{"@type":"EntryPoint","urlTemplate":"https:\/\/theworldinstamps.com\/?s={search_term_string}"},"query-input":"required name=search_term_string"}],"inLanguage":"en-US"},{"@type":["Person","Organization"],"@id":"https:\/\/theworldinstamps.com\/#\/schema\/person\/c0611d31792a5362356c7b1e1c4a0f17","name":"TWinSAdmin","image":{"@type":"ImageObject","inLanguage":"en-US","@id":"https:\/\/theworldinstamps.com\/#\/schema\/person\/image\/","url":"https:\/\/i0.wp.com\/theworldinstamps.com\/wp-content\/uploads\/2020\/07\/Site_Icon5-1.png?fit=512%2C512&ssl=1","contentUrl":"https:\/\/i0.wp.com\/theworldinstamps.com\/wp-content\/uploads\/2020\/07\/Site_Icon5-1.png?fit=512%2C512&ssl=1","width":512,"height":512,"caption":"TWinSAdmin"},"logo":{"@id":"https:\/\/theworldinstamps.com\/#\/schema\/person\/image\/"},"sameAs":["https:\/\/www.facebook.com\/TheWorldInStamps","https:\/\/www.pinterest.fr\/safwanq\/","https:\/\/twitter.com\/https:\/\/twitter.com\/stamps_world"],"url":"https:\/\/theworldinstamps.com\/?author=1"}]}},"jetpack_featured_media_url":"https:\/\/i0.wp.com\/theworldinstamps.com\/wp-content\/uploads\/2019\/11\/UAR-1968-HumanRightsYear-Icon-1.jpg?fit=300%2C258&ssl=1","jetpack-related-posts":[{"id":11974,"url":"https:\/\/theworldinstamps.com\/?p=11974&lang=fr","url_meta":{"origin":2841,"position":0},"title":"La Journ\u00e9e internationale de solidarit\u00e9 avec le peuple palestinien: Koweit 1979","date":"November 29, 2024","format":false,"excerpt":"La journ\u00e9e de solidarit\u00e9 avec le peuple palestinien montre le soutien de la communaut\u00e9 internationale \u00e0 la paix et \u00e0 la justice en Palestine.","rel":"","context":"In &quot;Koweit&quot;","img":{"alt_text":"International Day of Solidarity with the Palestinian People, Kuwait-1979","src":"https:\/\/i0.wp.com\/theworldinstamps.com\/wp-content\/uploads\/2024\/11\/Kuwait-1979-827_Icon.jpg?fit=1200%2C900&ssl=1&resize=350%2C200","width":350,"height":200},"classes":[]},{"id":3836,"url":"https:\/\/theworldinstamps.com\/?p=3836&lang=fr","url_meta":{"origin":2841,"position":1},"title":"D\u00e9claration de l&#8217;Etat de Palestine en Alg\u00e9rie 1988","date":"July 12, 2021","format":false,"excerpt":"Entier Potal comm\u00e9morant le 30e anniversaire de la d\u00e9claration de l'\u00c9tat de Palestine, qui a eu lieu \u00e0 Alger en 1988.","rel":"","context":"In &quot;Algerie&quot;","img":{"alt_text":"30th anniversary of the declaration of the Palestinian state","src":"https:\/\/i0.wp.com\/theworldinstamps.com\/wp-content\/uploads\/2021\/07\/Algeria-2018-Palestine-State-Icon2.png?fit=450%2C400&ssl=1&resize=350%2C200","width":350,"height":200},"classes":[]},{"id":6047,"url":"https:\/\/theworldinstamps.com\/?p=6047&lang=fr","url_meta":{"origin":2841,"position":2},"title":"L&#8217;ann\u00e9e de la coop\u00e9ration internationale : Sharjah 1965","date":"February 12, 2022","format":false,"excerpt":"Les Nations Unies ont d\u00e9clar\u00e9 1965 ann\u00e9e de la coop\u00e9ration internationale. Sharjah a \u00e9mis 8 timbres \u00e0 l'effigie de chefs d'etats de l'\u00e9poque.","rel":"","context":"In &quot;Emirats Arabes Unis&quot;","img":{"alt_text":"Sharjah-1965- INternational Cooperation Year","src":"https:\/\/i0.wp.com\/theworldinstamps.com\/wp-content\/uploads\/2021\/10\/Sharjah-1965-Year_of_international_Cooperation.jpg?fit=1200%2C628&ssl=1&resize=350%2C200","width":350,"height":200},"classes":[]},{"id":1877,"url":"https:\/\/theworldinstamps.com\/?p=1877&lang=fr","url_meta":{"origin":2841,"position":3},"title":"Algrerie 1963 &#8211; 1ere constitution","date":"February 7, 2020","format":false,"excerpt":"Moins d'un an apr\u00e8s l'ind\u00e9pendance, le pr\u00e9sident Ahmed bin Bella (1916-2012) a propos\u00e9 un texte pour une constitution pour la R\u00e9publique d'Alg\u00e9rie sur les d\u00e9l\u00e9gu\u00e9s du Front de lib\u00e9ration nationale r\u00e9uni le 31 juillet - juillet 1963, il a \u00e9t\u00e9 adopt\u00e9 apr\u00e8s discussion puis pr\u00e9sent\u00e9 \u00e0 un r\u00e9f\u00e9rendum populaire, o\u00f9\u2026","rel":"","context":"In &quot;Algerie&quot;","img":{"alt_text":"","src":"https:\/\/i0.wp.com\/theworldinstamps.com\/wp-content\/uploads\/2019\/12\/Algerie-1964-381-Icon.jpg?resize=350%2C200","width":350,"height":200},"classes":[]},{"id":3898,"url":"https:\/\/theworldinstamps.com\/?p=3898&lang=fr","url_meta":{"origin":2841,"position":4},"title":"Foire Internationale du Livre du Caire \u2013 Egypte 1986","date":"July 17, 2021","format":false,"excerpt":"La Foire internationale du livre du Caire est la plus grande et la plus ancienne foire du livre du monde arabe. Depuis 1969, elle se tient au mois de Janvier de chaque ann\u00e9e.","rel":"","context":"In &quot;Egypt&quot;","img":{"alt_text":"Cairo international Book Fair Stamp Icon","src":"https:\/\/i0.wp.com\/theworldinstamps.com\/wp-content\/uploads\/2021\/07\/Egypt-1986-YT-1298-Icon.png?fit=450%2C352&ssl=1&resize=350%2C200","width":350,"height":200},"classes":[]},{"id":2489,"url":"https:\/\/theworldinstamps.com\/?p=2489&lang=fr","url_meta":{"origin":2841,"position":5},"title":"Timbre du drapeau de l&#8217;Alg\u00e9rie: R\u00e9publique Arabe Unie 1964","date":"May 25, 2020","format":false,"excerpt":"En 1964, la R\u00e9publique arabe unie (l'\u00c9gypte seule , la Syrie ayant quitt\u00e9 l'union en 1961), \u00e9met une s\u00e9rie de timbres avec les drapeaux des pays arabes alors membres de la ligue arabe. Ici le timbre du drapeau de En 1964, l\u2019\u00c9gypte a \u00e9mis des timbres avec les drapeaux des\u2026","rel":"","context":"In &quot;Algerie&quot;","img":{"alt_text":"","src":"https:\/\/i0.wp.com\/theworldinstamps.com\/wp-content\/uploads\/2020\/05\/UAR-1964-Flags-YT-611-900x-Icon.jpg?fit=450%2C350&ssl=1&resize=350%2C200","width":350,"height":200},"classes":[]}],"_links":{"self":[{"href":"https:\/\/theworldinstamps.com\/index.php?rest_route=\/wp\/v2\/posts\/2841","targetHints":{"allow":["GET"]}}],"collection":[{"href":"https:\/\/theworldinstamps.com\/index.php?rest_route=\/wp\/v2\/posts"}],"about":[{"href":"https:\/\/theworldinstamps.com\/index.php?rest_route=\/wp\/v2\/types\/post"}],"author":[{"embeddable":true,"href":"https:\/\/theworldinstamps.com\/index.php?rest_route=\/wp\/v2\/users\/1"}],"replies":[{"embeddable":true,"href":"https:\/\/theworldinstamps.com\/index.php?rest_route=%2Fwp%2Fv2%2Fcomments&post=2841"}],"version-history":[{"count":11,"href":"https:\/\/theworldinstamps.com\/index.php?rest_route=\/wp\/v2\/posts\/2841\/revisions"}],"predecessor-version":[{"id":7713,"href":"https:\/\/theworldinstamps.com\/index.php?rest_route=\/wp\/v2\/posts\/2841\/revisions\/7713"}],"wp:featuredmedia":[{"embeddable":true,"href":"https:\/\/theworldinstamps.com\/index.php?rest_route=\/wp\/v2\/media\/1264"}],"wp:attachment":[{"href":"https:\/\/theworldinstamps.com\/index.php?rest_route=%2Fwp%2Fv2%2Fmedia&parent=2841"}],"wp:term":[{"taxonomy":"category","embeddable":true,"href":"https:\/\/theworldinstamps.com\/index.php?rest_route=%2Fwp%2Fv2%2Fcategories&post=2841"},{"taxonomy":"post_tag","embeddable":true,"href":"https:\/\/theworldinstamps.com\/index.php?rest_route=%2Fwp%2Fv2%2Ftags&post=2841"}],"curies":[{"name":"wp","href":"https:\/\/api.w.org\/{rel}","templated":true}]}}