{"id":3660,"date":"2021-04-10T02:53:52","date_gmt":"2021-04-09T23:53:52","guid":{"rendered":"http:\/\/theworldinstamps.com\/?p=3660"},"modified":"2022-09-25T02:28:45","modified_gmt":"2022-09-24T23:28:45","slug":"lemir-abdelkader-algerie-1966","status":"publish","type":"post","link":"https:\/\/theworldinstamps.com\/?p=3660&lang=fr","title":{"rendered":"l&#8217;Emir AbdelKader: Alg\u00e9rie 1966"},"content":{"rendered":"\t\t<div data-elementor-type=\"wp-post\" data-elementor-id=\"3660\" class=\"elementor elementor-3660\">\n\t\t\t\t\t\t\t\t\t<section class=\"elementor-section elementor-top-section elementor-element elementor-element-feed272 elementor-section-boxed elementor-section-height-default elementor-section-height-default\" data-id=\"feed272\" data-element_type=\"section\">\n\t\t\t\t\t\t<div class=\"elementor-container elementor-column-gap-default\">\n\t\t\t\t\t<div class=\"elementor-column elementor-col-100 elementor-top-column elementor-element elementor-element-69b9f56\" data-id=\"69b9f56\" data-element_type=\"column\">\n\t\t\t<div class=\"elementor-widget-wrap elementor-element-populated\">\n\t\t\t\t\t\t\t\t<div class=\"elementor-element elementor-element-e535dee elementor-widget elementor-widget-text-editor\" data-id=\"e535dee\" data-element_type=\"widget\" data-widget_type=\"text-editor.default\">\n\t\t\t\t<div class=\"elementor-widget-container\">\n\t\t\t<style>\/*! elementor - v3.17.0 - 08-11-2023 *\/\n.elementor-widget-text-editor.elementor-drop-cap-view-stacked .elementor-drop-cap{background-color:#69727d;color:#fff}.elementor-widget-text-editor.elementor-drop-cap-view-framed .elementor-drop-cap{color:#69727d;border:3px solid;background-color:transparent}.elementor-widget-text-editor:not(.elementor-drop-cap-view-default) .elementor-drop-cap{margin-top:8px}.elementor-widget-text-editor:not(.elementor-drop-cap-view-default) .elementor-drop-cap-letter{width:1em;height:1em}.elementor-widget-text-editor .elementor-drop-cap{float:right;text-align:center;line-height:1;font-size:50px}.elementor-widget-text-editor .elementor-drop-cap-letter{display:inline-block}<\/style>\t\t\t\t<p style=\"text-align: left;\">Le prince Abdelkader Ibn Mohieldin Al-Hassani, connu sous le nom d&#8217;Abdelkader Al-Jazaery ou l&#8217;Emir Abdelkader, est le fondateur de l&#8217;\u00c9tat alg\u00e9rien moderne et un symbole de la r\u00e9sistance alg\u00e9rienne contre l&#8217;occupation fran\u00e7aise.<\/p><p>\u00c0 l&#8217;\u00e9t\u00e9 1830, la France invoqua l\u2019affaire du \u00ab coup d&#8217;\u00e9ventail \u00bb pour attaquer l&#8217;Alg\u00e9rie. La capitale Alger se rendit \u00e0 l&#8217;arm\u00e9e fran\u00e7aise apr\u00e8s de f\u00e9roces batailles le 5 juillet 1830.<\/p><p>Certaines tribus alg\u00e9riennes de l&#8217;ouest ont commenc\u00e9 \u00e0 essayer d&#8217;organiser leurs rangs et de rassembler leurs forces pour affronter les envahisseurs. Elles ont pr\u00e9sent\u00e9 l&#8217;\u00e9mirat au cheikh Mohieddin al-Hasani, le cheikh de la\u00a0<a title=\"Tariqa\" href=\"https:\/\/fr.wikipedia.org\/wiki\/Tariqa\">confr\u00e9rie soufie<\/a>\u00a0<a title=\"\" href=\"https:\/\/fr.wikipedia.org\/wiki\/Qadiriyya\">Qadiriyya<\/a> et l&#8217;un des notables de <a href=\"https:\/\/fr.wikipedia.org\/wiki\/Wilaya_de_Mascara\">la wilaya de Moascar (Mascara)<\/a>. Le Cheikh Mohieddin a rejet\u00e9 l&#8217;\u00e9mirat et a accept\u00e9 de diriger le jihad contre les Fran\u00e7ais. Le cheikh a confi\u00e9 la direction des forces dans certaines batailles \u00e0 son fils AbdelKader \u00e2g\u00e9 alors de vingt-quatre ans. Abdelkader a remport\u00e9 quelques victoires, ce qui lui a valu la popularit\u00e9 et le respect de la population de la r\u00e9gion.<\/p><p><img loading=\"lazy\" decoding=\"async\" style=\"-webkit-user-drag: none; display: inline-block; margin-bottom: -1ex;\" title=\"Egypt 1970: YT834 - Nasser\" src=\"https:\/\/i0.wp.com\/theworldinstamps.com\/wp-content\/uploads\/2021\/04\/Algeria-1966-431.png?resize=606%2C819\" alt=\"\u0627\u0644\u0623\u0645\u064a\u0631 \u0639\u0628\u062f \u0627\u0644\u0642\u0627\u062f\u0631 \u0639\u0644\u0649 \u0637\u0627\u0628\u0639 \u062c\u0632\u0627\u0626\u0631\u064a 1966 YT431\" width=\"606\" height=\"819\" data-recalc-dims=\"1\" \/><\/p><p style=\"text-align: center;\">Emir Abdelkader sur un timbre alg\u00e9rien de 1966 YT431<\/p><p dir=\"RTL\" style=\"text-align: left;\">Cheikh Mohieldin a propos\u00e9 \u00e0 son fils Abdelkader pour l&#8217;\u00e9mirat et lui a pr\u00eat\u00e9 all\u00e9geance en tant que prince de l&#8217;Alg\u00e9rie occidentale le 27 novembre 1832 apr\u00e8s JC.<\/p><p dir=\"RTL\" style=\"text-align: left;\">Le prince Abdelkader a remport\u00e9 plusieurs victoires sur les forces fran\u00e7aises et a interdit le commerce et les relations avec les Fran\u00e7ais. Ces victoires ont\u00a0 forc\u00e9 la France \u00e0 conclure avec lui un accord nomm\u00e9 le\u00a0<a title=\"Trait\u00e9 Desmichels\" href=\"https:\/\/fr.wikipedia.org\/wiki\/Trait%C3%A9_Desmichels\">trait\u00e9 Desmichels<\/a>, en 1834. Selon cet accord, la France a reconnu l&#8217;\u00e9tat de l&#8217;\u00e9mir Abdelkader dans l&#8217;ouest alg\u00e9rien, \u00e0 l&#8217;exception des villes c\u00f4ti\u00e8res: Oran, Mostaganem et Arzew.<\/p><figure style=\"width: 320px\" class=\"wp-caption alignright\"><img loading=\"lazy\" decoding=\"async\" title=\"\u0627\u0644\u0623\u0645\u064a\u0631 \u0639\u0628\u062f \u0627\u0644\u0642\u0627\u062f\u0631 - \u0637\u0627\u0628\u0639 \u0628\u0642\u064a\u0645\u0629 95 \u0633\u0646\u062a\u064a\u0645\u0627 1966\" src=\"https:\/\/i0.wp.com\/theworldinstamps.com\/wp-content\/uploads\/2021\/04\/Algeria-1966-432.png?resize=320%2C427\" alt=\"\u0627\u0644\u0623\u0645\u064a\u0631 \u0639\u0628\u062f \u0627\u0644\u0642\u0627\u062f\u0631 - \u0637\u0627\u0628\u0639 \u0628\u0642\u064a\u0645\u0629 95 \u0633\u0646\u062a\u064a\u0645\u0627 1966\" width=\"320\" height=\"427\" data-recalc-dims=\"1\" \/><figcaption class=\"wp-caption-text\">Emir Abdelkader &#8211; Timbre de 95 centimes, 1966<\/figcaption><\/figure><p dir=\"RTL\" style=\"text-align: left;\">Le prince a pris une ville de <a href=\"https:\/\/fr.wikipedia.org\/wiki\/Wilaya_de_Mascara\">Moascar (Mascara)<\/a> comme capitale et a travaill\u00e9 \u00e0 organiser les affaires de son \u00c9tat et a commenc\u00e9 \u00e0 \u00e9etablir la s\u00e9curit\u00e9 apr\u00e8s une p\u00e9riode de chaos dans la r\u00e9gion. Apr\u00e8s l&#8217;arriv\u00e9e de renforts militaires, les Fran\u00e7ais ont rompu l&#8217;accord et le prince les a affront\u00e9s avec acharnement. La r\u00e9sistance alg\u00e9rienne infligea de lourdes pertes \u00e0 l&#8217;arm\u00e9e fran\u00e7aise, obligeant le g\u00e9n\u00e9ral fran\u00e7ais\u00a0<a title=\"Thomas Robert Bugeaud\" href=\"https:\/\/fr.wikipedia.org\/wiki\/Thomas_Robert_Bugeaud\">Thomas Robert Bugeaud<\/a> \u00e0 conclure un nouveau trait\u00e9 avec l&#8217;\u00e9mir Abdelkader, appel\u00e9 e\u00a0<a title=\"\" href=\"https:\/\/fr.wikipedia.org\/wiki\/Trait%C3%A9_de_la_Tafna\">trait\u00e9 de la Tafna<\/a>, en mai 1837, reconnaissant l&#8217;autorit\u00e9 de l&#8217;\u00e9mir sur les deux tiers de l&#8217;Alg\u00e9rie.<\/p><p>La France a profit\u00e9 du nouveau trait\u00e9 pour amener plus de renforts militaires en Alg\u00e9rie, puis est revenue attaquer les zones sous lke controle de l&#8217;\u00e9mir Abdelkader. En 1941, l&#8217;arm\u00e9e fran\u00e7aise a r\u00e9ussi \u00e0 occuper Moascar (Mascar) la capitale du nouvel \u00c9tat alg\u00e9rien, et \u00e0 la br\u00fbler. L&#8217;arm\u00e9e fran\u00e7aise a suivi une politique de la terre br\u00fbl\u00e9e contre les tribus qui soutiennent les moudjahidines. Les batailles entre l&#8217;\u00e9mir Abdelkader et l&#8217;arm\u00e9e fran\u00e7aise se sont poursuivies jusqu&#8217;en 1947.<\/p><p>Apr\u00e8s une r\u00e9sistance acharn\u00e9e, le prince Abdelkader et ses partisans ont \u00e9t\u00e9 contraints de se rendre aux forces fran\u00e7aises en 1847 \u00e0 condition qu&#8217;il soit autoris\u00e9 \u00e0 se partir en Alexandrie ou \u00e0 Acre en Palestine. Encore une fois, la France n&#8217;a pas respect\u00e9 ses accords avec l&#8217;Emir. L&#8217;Emir, sa famille et ses compagnons ont \u00e9t\u00e9\u00a0 transf\u00e9r\u00e9 et emprisonn\u00e9 en France.<\/p><p>Suite a un changement de regime en France et a de multiples pressions, l&#8217;Emir et ses compagnons ont \u00e9t\u00e9 lib\u00e9r\u00e9 en 1852. Il a alors voyag\u00e9 vers la Turquie et de l\u00e0 \u00e0 Damas en 1855.<\/p><p>La r\u00e9putation du prince et les histoires de sa resistance contre l&#8217;occupation Fran\u00e7aise l&#8217;avaient pr\u00e9c\u00e9d\u00e9 \u00e0 Damas. Il a \u00e9t\u00e9 accueilli en h\u00e9ro et rapidement pris une place parmi les savants et les notables de la ville. Il a commenc\u00e9 a enseigner dans la mosqu\u00e9e des Omeyyades.\u00a0Durant les ann\u00e9es restantes de sa vie, l&#8217;Emir a eu une participation de premier plan dans la vie politique et scientifique de Damas.\u00a0<\/p><p>Le prince Abd al-Qadir al-Jazaery est mort \u00e0 Damas le 24 mai 1883, \u00e0 l&#8217;\u00e2ge de 76 ans, et a \u00e9t\u00e9 enterr\u00e9 \u00e0 c\u00f4t\u00e9 du cheikh Ibn Arabi \u00e0 al-Salihiya \u00e0 Damas, en ex\u00e9cution de son testament .<\/p><p>Son corps a \u00e9t\u00e9 transf\u00e9r\u00e9 en Alg\u00e9rie en 1965 et enterr\u00e9 dans le cimeti\u00e8re d&#8217;Alia sur la place des Martyrs, dans lequel seules des personnalit\u00e9s nationales de haut rang telles que des pr\u00e9sidents sont enterr\u00e9es.<\/p><p>En 1966, l&#8217;Alg\u00e9rie a \u00e9mis deux timbres-poste pour comm\u00e9morer l&#8217;\u00e9mir Abdelkader, d&#8217;une valeur de 30 et 95 centimes , portant les num\u00e9ros 431 et 432 dans le catalogue Yvert &amp; Tellier.<\/p><div>_______________<\/div><div><b>[pvcp_1]<\/b><\/div><p dir=\"RTL\">\u00a0<\/p>\t\t\t\t\t\t<\/div>\n\t\t\t\t<\/div>\n\t\t\t\t\t<\/div>\n\t\t<\/div>\n\t\t\t\t\t\t\t<\/div>\n\t\t<\/section>\n\t\t\t\t\t\t\t<\/div>\n\t\t","protected":false},"excerpt":{"rendered":"<p>Le prince Abdelkader est le fondateur de l&#8217;\u00c9tat alg\u00e9rien moderne et un symbole de la r\u00e9sistance alg\u00e9rienne contre le colonialisme fran\u00e7ais.<\/p>\n","protected":false},"author":1,"featured_media":3645,"comment_status":"open","ping_status":"open","sticky":true,"template":"","format":"standard","meta":{"om_disable_all_campaigns":false,"_monsterinsights_skip_tracking":false,"_monsterinsights_sitenote_active":false,"_monsterinsights_sitenote_note":"","_monsterinsights_sitenote_category":0,"_uf_show_specific_survey":0,"_uf_disable_surveys":false,"footnotes":""},"categories":[254],"tags":[735,695,24,166],"class_list":["post-3660","post","type-post","status-publish","format-standard","has-post-thumbnail","hentry","category-algeria-fr","tag-algerie","tag-occupation","tag-resistance","tag-revolution"],"yoast_head":"<!-- This site is optimized with the Yoast SEO plugin v20.7 - https:\/\/yoast.com\/wordpress\/plugins\/seo\/ -->\n<title>l&#039;Emir AbdelKader: Alg\u00e9rie 1966 : The World In Stamps<\/title>\n<meta name=\"description\" content=\"Le prince Abdelkader est le fondateur de l&#039;\u00c9tat alg\u00e9rien moderne et un symbole de la r\u00e9sistance alg\u00e9rienne contre le colonialisme fran\u00e7ais.\" \/>\n<meta name=\"robots\" content=\"index, follow, max-snippet:-1, max-image-preview:large, max-video-preview:-1\" \/>\n<link rel=\"canonical\" href=\"https:\/\/theworldinstamps.com\/?p=3660&lang=fr\" \/>\n<meta property=\"og:locale\" content=\"en_US\" \/>\n<meta property=\"og:type\" content=\"article\" \/>\n<meta property=\"og:title\" content=\"l&#039;Emir AbdelKader: Alg\u00e9rie 1966 : The World In Stamps\" \/>\n<meta property=\"og:description\" content=\"Le prince Abdelkader est le fondateur de l&#039;\u00c9tat alg\u00e9rien moderne et un symbole de la r\u00e9sistance alg\u00e9rienne contre le colonialisme fran\u00e7ais.\" \/>\n<meta property=\"og:url\" content=\"https:\/\/theworldinstamps.com\/?p=3660&amp;lang=fr\" \/>\n<meta property=\"og:site_name\" content=\"The World In Stamps\" \/>\n<meta property=\"article:publisher\" content=\"https:\/\/www.facebook.com\/TheWorldInStamps\" \/>\n<meta property=\"article:author\" content=\"https:\/\/www.facebook.com\/TheWorldInStamps\" \/>\n<meta property=\"article:published_time\" content=\"2021-04-09T23:53:52+00:00\" \/>\n<meta property=\"article:modified_time\" content=\"2022-09-24T23:28:45+00:00\" \/>\n<meta property=\"og:image\" content=\"https:\/\/i0.wp.com\/theworldinstamps.com\/wp-content\/uploads\/2021\/04\/Algeria-1966-431_Icon.png?fit=440%2C340&ssl=1\" \/>\n\t<meta property=\"og:image:width\" content=\"440\" \/>\n\t<meta property=\"og:image:height\" content=\"340\" \/>\n\t<meta property=\"og:image:type\" content=\"image\/png\" \/>\n<meta name=\"author\" content=\"TWinSAdmin\" \/>\n<meta name=\"twitter:card\" content=\"summary_large_image\" \/>\n<meta name=\"twitter:creator\" content=\"@https:\/\/twitter.com\/stamps_world\" \/>\n<meta name=\"twitter:site\" content=\"@stamps_world\" \/>\n<meta name=\"twitter:label1\" content=\"Written by\" \/>\n\t<meta name=\"twitter:data1\" content=\"TWinSAdmin\" \/>\n\t<meta name=\"twitter:label2\" content=\"Est. reading time\" \/>\n\t<meta name=\"twitter:data2\" content=\"4 minutes\" \/>\n<script type=\"application\/ld+json\" class=\"yoast-schema-graph\">{\"@context\":\"https:\/\/schema.org\",\"@graph\":[{\"@type\":\"Article\",\"@id\":\"https:\/\/theworldinstamps.com\/?p=3660&lang=fr#article\",\"isPartOf\":{\"@id\":\"https:\/\/theworldinstamps.com\/?p=3660&lang=fr\"},\"author\":{\"name\":\"TWinSAdmin\",\"@id\":\"https:\/\/theworldinstamps.com\/#\/schema\/person\/c0611d31792a5362356c7b1e1c4a0f17\"},\"headline\":\"l&#8217;Emir AbdelKader: Alg\u00e9rie 1966\",\"datePublished\":\"2021-04-09T23:53:52+00:00\",\"dateModified\":\"2022-09-24T23:28:45+00:00\",\"mainEntityOfPage\":{\"@id\":\"https:\/\/theworldinstamps.com\/?p=3660&lang=fr\"},\"wordCount\":771,\"commentCount\":0,\"publisher\":{\"@id\":\"https:\/\/theworldinstamps.com\/#\/schema\/person\/c0611d31792a5362356c7b1e1c4a0f17\"},\"keywords\":[\"Algerie\",\"Occupation\",\"Resistance\",\"revolution\"],\"articleSection\":[\"Algerie\"],\"inLanguage\":\"en-US\",\"potentialAction\":[{\"@type\":\"CommentAction\",\"name\":\"Comment\",\"target\":[\"https:\/\/theworldinstamps.com\/?p=3660&lang=fr#respond\"]}]},{\"@type\":\"WebPage\",\"@id\":\"https:\/\/theworldinstamps.com\/?p=3660&lang=fr\",\"url\":\"https:\/\/theworldinstamps.com\/?p=3660&lang=fr\",\"name\":\"l'Emir AbdelKader: Alg\u00e9rie 1966 : The World In Stamps\",\"isPartOf\":{\"@id\":\"https:\/\/theworldinstamps.com\/#website\"},\"datePublished\":\"2021-04-09T23:53:52+00:00\",\"dateModified\":\"2022-09-24T23:28:45+00:00\",\"description\":\"Le prince Abdelkader est le fondateur de l'\u00c9tat alg\u00e9rien moderne et un symbole de la r\u00e9sistance alg\u00e9rienne contre le colonialisme fran\u00e7ais.\",\"breadcrumb\":{\"@id\":\"https:\/\/theworldinstamps.com\/?p=3660&lang=fr#breadcrumb\"},\"inLanguage\":\"en-US\",\"potentialAction\":[{\"@type\":\"ReadAction\",\"target\":[\"https:\/\/theworldinstamps.com\/?p=3660&lang=fr\"]}]},{\"@type\":\"BreadcrumbList\",\"@id\":\"https:\/\/theworldinstamps.com\/?p=3660&lang=fr#breadcrumb\",\"itemListElement\":[{\"@type\":\"ListItem\",\"position\":1,\"name\":\"Home\",\"item\":\"https:\/\/theworldinstamps.com\/?lang=ar\"},{\"@type\":\"ListItem\",\"position\":2,\"name\":\"l&#8217;Emir AbdelKader: Alg\u00e9rie 1966\"}]},{\"@type\":\"WebSite\",\"@id\":\"https:\/\/theworldinstamps.com\/#website\",\"url\":\"https:\/\/theworldinstamps.com\/\",\"name\":\"The World In Stamps\",\"description\":\"A journey in a stamps collection\",\"publisher\":{\"@id\":\"https:\/\/theworldinstamps.com\/#\/schema\/person\/c0611d31792a5362356c7b1e1c4a0f17\"},\"potentialAction\":[{\"@type\":\"SearchAction\",\"target\":{\"@type\":\"EntryPoint\",\"urlTemplate\":\"https:\/\/theworldinstamps.com\/?s={search_term_string}\"},\"query-input\":\"required name=search_term_string\"}],\"inLanguage\":\"en-US\"},{\"@type\":[\"Person\",\"Organization\"],\"@id\":\"https:\/\/theworldinstamps.com\/#\/schema\/person\/c0611d31792a5362356c7b1e1c4a0f17\",\"name\":\"TWinSAdmin\",\"image\":{\"@type\":\"ImageObject\",\"inLanguage\":\"en-US\",\"@id\":\"https:\/\/theworldinstamps.com\/#\/schema\/person\/image\/\",\"url\":\"https:\/\/i0.wp.com\/theworldinstamps.com\/wp-content\/uploads\/2020\/07\/Site_Icon5-1.png?fit=512%2C512&ssl=1\",\"contentUrl\":\"https:\/\/i0.wp.com\/theworldinstamps.com\/wp-content\/uploads\/2020\/07\/Site_Icon5-1.png?fit=512%2C512&ssl=1\",\"width\":512,\"height\":512,\"caption\":\"TWinSAdmin\"},\"logo\":{\"@id\":\"https:\/\/theworldinstamps.com\/#\/schema\/person\/image\/\"},\"sameAs\":[\"https:\/\/www.facebook.com\/TheWorldInStamps\",\"https:\/\/www.pinterest.fr\/safwanq\/\",\"https:\/\/twitter.com\/https:\/\/twitter.com\/stamps_world\"],\"url\":\"https:\/\/theworldinstamps.com\/?author=1\"}]}<\/script>\n<!-- \/ Yoast SEO plugin. -->","yoast_head_json":{"title":"l'Emir AbdelKader: Alg\u00e9rie 1966 : The World In Stamps","description":"Le prince Abdelkader est le fondateur de l'\u00c9tat alg\u00e9rien moderne et un symbole de la r\u00e9sistance alg\u00e9rienne contre le colonialisme fran\u00e7ais.","robots":{"index":"index","follow":"follow","max-snippet":"max-snippet:-1","max-image-preview":"max-image-preview:large","max-video-preview":"max-video-preview:-1"},"canonical":"https:\/\/theworldinstamps.com\/?p=3660&lang=fr","og_locale":"en_US","og_type":"article","og_title":"l'Emir AbdelKader: Alg\u00e9rie 1966 : The World In Stamps","og_description":"Le prince Abdelkader est le fondateur de l'\u00c9tat alg\u00e9rien moderne et un symbole de la r\u00e9sistance alg\u00e9rienne contre le colonialisme fran\u00e7ais.","og_url":"https:\/\/theworldinstamps.com\/?p=3660&lang=fr","og_site_name":"The World In Stamps","article_publisher":"https:\/\/www.facebook.com\/TheWorldInStamps","article_author":"https:\/\/www.facebook.com\/TheWorldInStamps","article_published_time":"2021-04-09T23:53:52+00:00","article_modified_time":"2022-09-24T23:28:45+00:00","og_image":[{"width":440,"height":340,"url":"https:\/\/i0.wp.com\/theworldinstamps.com\/wp-content\/uploads\/2021\/04\/Algeria-1966-431_Icon.png?fit=440%2C340&ssl=1","type":"image\/png"}],"author":"TWinSAdmin","twitter_card":"summary_large_image","twitter_creator":"@https:\/\/twitter.com\/stamps_world","twitter_site":"@stamps_world","twitter_misc":{"Written by":"TWinSAdmin","Est. reading time":"4 minutes"},"schema":{"@context":"https:\/\/schema.org","@graph":[{"@type":"Article","@id":"https:\/\/theworldinstamps.com\/?p=3660&lang=fr#article","isPartOf":{"@id":"https:\/\/theworldinstamps.com\/?p=3660&lang=fr"},"author":{"name":"TWinSAdmin","@id":"https:\/\/theworldinstamps.com\/#\/schema\/person\/c0611d31792a5362356c7b1e1c4a0f17"},"headline":"l&#8217;Emir AbdelKader: Alg\u00e9rie 1966","datePublished":"2021-04-09T23:53:52+00:00","dateModified":"2022-09-24T23:28:45+00:00","mainEntityOfPage":{"@id":"https:\/\/theworldinstamps.com\/?p=3660&lang=fr"},"wordCount":771,"commentCount":0,"publisher":{"@id":"https:\/\/theworldinstamps.com\/#\/schema\/person\/c0611d31792a5362356c7b1e1c4a0f17"},"keywords":["Algerie","Occupation","Resistance","revolution"],"articleSection":["Algerie"],"inLanguage":"en-US","potentialAction":[{"@type":"CommentAction","name":"Comment","target":["https:\/\/theworldinstamps.com\/?p=3660&lang=fr#respond"]}]},{"@type":"WebPage","@id":"https:\/\/theworldinstamps.com\/?p=3660&lang=fr","url":"https:\/\/theworldinstamps.com\/?p=3660&lang=fr","name":"l'Emir AbdelKader: Alg\u00e9rie 1966 : The World In Stamps","isPartOf":{"@id":"https:\/\/theworldinstamps.com\/#website"},"datePublished":"2021-04-09T23:53:52+00:00","dateModified":"2022-09-24T23:28:45+00:00","description":"Le prince Abdelkader est le fondateur de l'\u00c9tat alg\u00e9rien moderne et un symbole de la r\u00e9sistance alg\u00e9rienne contre le colonialisme fran\u00e7ais.","breadcrumb":{"@id":"https:\/\/theworldinstamps.com\/?p=3660&lang=fr#breadcrumb"},"inLanguage":"en-US","potentialAction":[{"@type":"ReadAction","target":["https:\/\/theworldinstamps.com\/?p=3660&lang=fr"]}]},{"@type":"BreadcrumbList","@id":"https:\/\/theworldinstamps.com\/?p=3660&lang=fr#breadcrumb","itemListElement":[{"@type":"ListItem","position":1,"name":"Home","item":"https:\/\/theworldinstamps.com\/?lang=ar"},{"@type":"ListItem","position":2,"name":"l&#8217;Emir AbdelKader: Alg\u00e9rie 1966"}]},{"@type":"WebSite","@id":"https:\/\/theworldinstamps.com\/#website","url":"https:\/\/theworldinstamps.com\/","name":"The World In Stamps","description":"A journey in a stamps collection","publisher":{"@id":"https:\/\/theworldinstamps.com\/#\/schema\/person\/c0611d31792a5362356c7b1e1c4a0f17"},"potentialAction":[{"@type":"SearchAction","target":{"@type":"EntryPoint","urlTemplate":"https:\/\/theworldinstamps.com\/?s={search_term_string}"},"query-input":"required name=search_term_string"}],"inLanguage":"en-US"},{"@type":["Person","Organization"],"@id":"https:\/\/theworldinstamps.com\/#\/schema\/person\/c0611d31792a5362356c7b1e1c4a0f17","name":"TWinSAdmin","image":{"@type":"ImageObject","inLanguage":"en-US","@id":"https:\/\/theworldinstamps.com\/#\/schema\/person\/image\/","url":"https:\/\/i0.wp.com\/theworldinstamps.com\/wp-content\/uploads\/2020\/07\/Site_Icon5-1.png?fit=512%2C512&ssl=1","contentUrl":"https:\/\/i0.wp.com\/theworldinstamps.com\/wp-content\/uploads\/2020\/07\/Site_Icon5-1.png?fit=512%2C512&ssl=1","width":512,"height":512,"caption":"TWinSAdmin"},"logo":{"@id":"https:\/\/theworldinstamps.com\/#\/schema\/person\/image\/"},"sameAs":["https:\/\/www.facebook.com\/TheWorldInStamps","https:\/\/www.pinterest.fr\/safwanq\/","https:\/\/twitter.com\/https:\/\/twitter.com\/stamps_world"],"url":"https:\/\/theworldinstamps.com\/?author=1"}]}},"jetpack_featured_media_url":"https:\/\/i0.wp.com\/theworldinstamps.com\/wp-content\/uploads\/2021\/04\/Algeria-1966-431_Icon.png?fit=440%2C340&ssl=1","jetpack-related-posts":[{"id":10644,"url":"https:\/\/theworldinstamps.com\/?p=10644&lang=fr","url_meta":{"origin":3660,"position":0},"title":"Mosqu\u00e9e Sidi Abdel Rahman : L&#8217;Alg\u00e9rie avant 1830","date":"April 10, 2023","format":false,"excerpt":"La mosqu\u00e9e Sidi Abdel Rahman Al Thaalibi est situ\u00e9e dans la Kasbah d'Alger. Sa construction remonte au XVIIe si\u00e8cle de notre \u00e8re.","rel":"","context":"In &quot;Algerie&quot;","img":{"alt_text":"\u0645\u0633\u062c\u062f \u0639\u0628\u062f \u0627\u0644\u0631\u062d\u0645\u0646 \u0627\u0644\u062b\u0639\u0627\u0644\u0628\u064a: \u0627\u0644\u062c\u0632\u0627\u0626\u0631 \u0642\u0628\u0644 \u0639\u0627\u0645 1830","src":"https:\/\/i0.wp.com\/theworldinstamps.com\/wp-content\/uploads\/2023\/04\/Algeria-1984-YT-802_Icon.jpg?fit=1200%2C900&ssl=1&resize=350%2C200","width":350,"height":200},"classes":[]},{"id":3096,"url":"https:\/\/theworldinstamps.com\/?p=3096&lang=fr","url_meta":{"origin":3660,"position":1},"title":"Costumes de Kabylie: Alg\u00e9rie 1972","date":"August 6, 2020","format":false,"excerpt":"Ce timbre repr\u00e9sente le costume de la r\u00e9gion de Kabylie. Kabylie est le nom de la r\u00e9gion montagneuse situ\u00e9e entre Alger et Constantine.","rel":"","context":"In &quot;Algerie&quot;","img":{"alt_text":"Costumes from Kabylie","src":"https:\/\/i0.wp.com\/theworldinstamps.com\/wp-content\/uploads\/2020\/08\/ALG-1972-YT-558.jpg?resize=350%2C200","width":350,"height":200},"classes":[]},{"id":2084,"url":"https:\/\/theworldinstamps.com\/?p=2084&lang=fr","url_meta":{"origin":3660,"position":2},"title":"Costume de la r\u00e9gion d&#8217;Oran en Alg\u00e9rie : 1971","date":"February 18, 2020","format":false,"excerpt":"En 1971, l'Alg\u00e9rie a \u00e9mis des s\u00e9ries de timbres sur les costumes de diff\u00e9rentes r\u00e9gions du pays. Voici le costume de la r\u00e9gion d'Oran.","rel":"","context":"In &quot;Algerie&quot;","img":{"alt_text":"ALgeria 1971: Costumes of Oran","src":"https:\/\/i0.wp.com\/theworldinstamps.com\/wp-content\/uploads\/2020\/02\/ALG-1971-YT-539-Icon1.jpg?fit=440%2C300&ssl=1&resize=350%2C200","width":350,"height":200},"classes":[]},{"id":2062,"url":"https:\/\/theworldinstamps.com\/?p=2062&lang=fr","url_meta":{"origin":3660,"position":3},"title":"Costume de la r\u00e9gion des Aur\u00e8s en Algerie : 1971","date":"February 18, 2020","format":false,"excerpt":"En 1971, l'Alg\u00e9rie a \u00e9mis des timbres repr\u00e9sentant des costumes de diff\u00e9rentes r\u00e9gions du pays. Ici, le Costume de la r\u00e9gion des Aur\u00e8s.","rel":"","context":"In &quot;Algerie&quot;","img":{"alt_text":"Algeria 1971: Costumes from the Algeria 1971: Costumes from the Aur\u00e8s region","src":"https:\/\/i0.wp.com\/theworldinstamps.com\/wp-content\/uploads\/2020\/02\/ALG-1971-YT-538-Icon1.jpg?fit=440%2C300&ssl=1&resize=350%2C200","width":350,"height":200},"classes":[]},{"id":2102,"url":"https:\/\/theworldinstamps.com\/?p=2102&lang=fr","url_meta":{"origin":3660,"position":4},"title":"Costumes de la r\u00e9gion d&#8217;Alger: 1971","date":"February 19, 2020","format":false,"excerpt":"Depuis 1971, la poste alg\u00e9rienne a commenc\u00e9 \u00e0 \u00e9mettre des s\u00e9ries de timbres repr\u00e9sentant des costumes de diff\u00e9rentes r\u00e9gions du pays dont les costumes de la r\u00e9gion d'Alger. \u00a0Ce timbre repr\u00e9sente le costume d'Alger. Alger,\u00a0la capitale de l'Alg\u00e9rie, est situ\u00e9e dans la partie nord du pays et est connue pour\u2026","rel":"","context":"In &quot;Algerie&quot;","img":{"alt_text":"Algeria 1971: Costumes of Algiers","src":"https:\/\/i0.wp.com\/theworldinstamps.com\/wp-content\/uploads\/2020\/02\/ALG-1971-YT-540-Icon.jpg?fit=440%2C300&ssl=1&resize=350%2C200","width":350,"height":200},"classes":[]},{"id":6047,"url":"https:\/\/theworldinstamps.com\/?p=6047&lang=fr","url_meta":{"origin":3660,"position":5},"title":"L&#8217;ann\u00e9e de la coop\u00e9ration internationale : Sharjah 1965","date":"February 12, 2022","format":false,"excerpt":"Les Nations Unies ont d\u00e9clar\u00e9 1965 ann\u00e9e de la coop\u00e9ration internationale. Sharjah a \u00e9mis 8 timbres \u00e0 l'effigie de chefs d'etats de l'\u00e9poque.","rel":"","context":"In &quot;Emirats Arabes Unis&quot;","img":{"alt_text":"Sharjah-1965- INternational Cooperation Year","src":"https:\/\/i0.wp.com\/theworldinstamps.com\/wp-content\/uploads\/2021\/10\/Sharjah-1965-Year_of_international_Cooperation.jpg?fit=1200%2C628&ssl=1&resize=350%2C200","width":350,"height":200},"classes":[]}],"_links":{"self":[{"href":"https:\/\/theworldinstamps.com\/index.php?rest_route=\/wp\/v2\/posts\/3660","targetHints":{"allow":["GET"]}}],"collection":[{"href":"https:\/\/theworldinstamps.com\/index.php?rest_route=\/wp\/v2\/posts"}],"about":[{"href":"https:\/\/theworldinstamps.com\/index.php?rest_route=\/wp\/v2\/types\/post"}],"author":[{"embeddable":true,"href":"https:\/\/theworldinstamps.com\/index.php?rest_route=\/wp\/v2\/users\/1"}],"replies":[{"embeddable":true,"href":"https:\/\/theworldinstamps.com\/index.php?rest_route=%2Fwp%2Fv2%2Fcomments&post=3660"}],"version-history":[{"count":9,"href":"https:\/\/theworldinstamps.com\/index.php?rest_route=\/wp\/v2\/posts\/3660\/revisions"}],"predecessor-version":[{"id":8361,"href":"https:\/\/theworldinstamps.com\/index.php?rest_route=\/wp\/v2\/posts\/3660\/revisions\/8361"}],"wp:featuredmedia":[{"embeddable":true,"href":"https:\/\/theworldinstamps.com\/index.php?rest_route=\/wp\/v2\/media\/3645"}],"wp:attachment":[{"href":"https:\/\/theworldinstamps.com\/index.php?rest_route=%2Fwp%2Fv2%2Fmedia&parent=3660"}],"wp:term":[{"taxonomy":"category","embeddable":true,"href":"https:\/\/theworldinstamps.com\/index.php?rest_route=%2Fwp%2Fv2%2Fcategories&post=3660"},{"taxonomy":"post_tag","embeddable":true,"href":"https:\/\/theworldinstamps.com\/index.php?rest_route=%2Fwp%2Fv2%2Ftags&post=3660"}],"curies":[{"name":"wp","href":"https:\/\/api.w.org\/{rel}","templated":true}]}}