{"id":3692,"date":"2021-04-15T22:52:35","date_gmt":"2021-04-15T19:52:35","guid":{"rendered":"http:\/\/theworldinstamps.com\/?p=3692"},"modified":"2023-04-10T20:39:37","modified_gmt":"2023-04-10T17:39:37","slug":"timbres_de_voeux_ramadan_kareem","status":"publish","type":"post","link":"https:\/\/theworldinstamps.com\/?p=3692&lang=fr","title":{"rendered":"Ramadan Kareem: Palestine 2011"},"content":{"rendered":"\t\t<div data-elementor-type=\"wp-post\" data-elementor-id=\"3692\" class=\"elementor elementor-3692\">\n\t\t\t\t\t\t\t\t\t<section class=\"elementor-section elementor-top-section elementor-element elementor-element-ab8f817 elementor-section-boxed elementor-section-height-default elementor-section-height-default\" data-id=\"ab8f817\" data-element_type=\"section\">\n\t\t\t\t\t\t<div class=\"elementor-container elementor-column-gap-default\">\n\t\t\t\t\t<div class=\"elementor-column elementor-col-100 elementor-top-column elementor-element elementor-element-23c4f18\" data-id=\"23c4f18\" data-element_type=\"column\">\n\t\t\t<div class=\"elementor-widget-wrap elementor-element-populated\">\n\t\t\t\t\t\t\t\t<div class=\"elementor-element elementor-element-a3fe165 elementor-widget elementor-widget-text-editor\" data-id=\"a3fe165\" data-element_type=\"widget\" data-widget_type=\"text-editor.default\">\n\t\t\t\t<div class=\"elementor-widget-container\">\n\t\t\t<style>\/*! elementor - v3.17.0 - 08-11-2023 *\/\n.elementor-widget-text-editor.elementor-drop-cap-view-stacked .elementor-drop-cap{background-color:#69727d;color:#fff}.elementor-widget-text-editor.elementor-drop-cap-view-framed .elementor-drop-cap{color:#69727d;border:3px solid;background-color:transparent}.elementor-widget-text-editor:not(.elementor-drop-cap-view-default) .elementor-drop-cap{margin-top:8px}.elementor-widget-text-editor:not(.elementor-drop-cap-view-default) .elementor-drop-cap-letter{width:1em;height:1em}.elementor-widget-text-editor .elementor-drop-cap{float:right;text-align:center;line-height:1;font-size:50px}.elementor-widget-text-editor .elementor-drop-cap-letter{display:inline-block}<\/style>\t\t\t\t<p>En 2011,\u00a0<a href=\"https:\/\/theworldinstamps.com\/?page_id=2663&amp;lang=fr\" target=\"_blank\" rel=\"noopener\">la Palestine<\/a>\u00a0a \u00e9mis des feuillets et Timbres de voeux pour le Ramadan. Les timbres portent la mention \u00abRamadan Kareem\u00bb, qui pourrait se traduire par \u00abRamdan est g\u00e9n\u00e9reux\u00bb.<\/p><p><a style=\"background-color: #ffffff;\" href=\"https:\/\/fr.wikipedia.org\/wiki\/Ramadan\" target=\"_blank\" rel=\"noopener\">Le mois du Ramadan<\/a>\u00a0est c\u00e9l\u00e9br\u00e9 comme le mois au cours duquel le proph\u00e8te Mahomet a re\u00e7u de Dieu les premi\u00e8res r\u00e9v\u00e9lations de ce qui est devenu le Coran, le livre saint pour les musulmans. Il est consid\u00e9r\u00e9 comme un mois de je\u00fbne, d&#8217;introspection et de pri\u00e8re pour les musulmans.<\/p><figure id=\"attachment_3685\" aria-describedby=\"caption-attachment-3685\" style=\"width: 500px\" class=\"wp-caption aligncenter\"><a href=\"https:\/\/i0.wp.com\/theworldinstamps.com\/wp-content\/uploads\/2021\/04\/Palestine-211-235.png\"><img loading=\"lazy\" decoding=\"async\" src=\"https:\/\/i0.wp.com\/theworldinstamps.com\/wp-content\/uploads\/2021\/04\/Palestine-211-235.png?resize=500%2C379\" alt=\"Ramadan Kareem, 50 fils: Palestine 2011\" width=\"500\" height=\"379\" data-recalc-dims=\"1\" \/><\/a><figcaption id=\"caption-attachment-3685\" class=\"wp-caption-text\">Ramadan Kareem, 50 fils: Palestine 2011<\/figcaption><\/figure><h2><span style=\"color: #181818; font-family: open-sans, sans-serif;\"><span style=\"letter-spacing: 0.8px;\">R\u00e8gles de je\u00fbne<\/span><\/span><\/h2><p><span style=\"color: #181818; font-family: open-sans, sans-serif;\"><span style=\"letter-spacing: 0.8px;\">Le Ramadan est le 9\u00e8me mois du calendrier islamique lunaire. Ce mois pourrait \u00eatre de 29 ou 30 jours selon le moment o\u00f9 la nouvelle lune est visible. Pendant ce mois, les musulmans s&#8217;abstiennent de manger, de boire, de fumer et de pratiquer des relations sexuelles de l&#8217;aube au coucher du soleil. Ils sont \u00e9galement cens\u00e9s \u00e9viter les pens\u00e9es impures et les mauvais comportements. Le mois se termine par une f\u00eate de trois jours appel\u00e9e Eid-Al-Fitr. Le je\u00fbne du mois de Ramadan est l&#8217;un des cinq piliers de l&#8217;islam.<\/span><\/span><\/p><figure id=\"attachment_3682\" aria-describedby=\"caption-attachment-3682\" style=\"width: 500px\" class=\"wp-caption aligncenter\"><a style=\"background-color: #ffffff;\" href=\"https:\/\/i0.wp.com\/theworldinstamps.com\/wp-content\/uploads\/2021\/04\/Palestine-2011-236.png\"><img loading=\"lazy\" decoding=\"async\" src=\"https:\/\/i0.wp.com\/theworldinstamps.com\/wp-content\/uploads\/2021\/04\/Palestine-2011-236.png?resize=500%2C375\" alt=\"Ramadan Kareem, 100 fils: Palestine 2011\" width=\"500\" height=\"375\" data-recalc-dims=\"1\" \/><\/a><figcaption id=\"caption-attachment-3682\" class=\"wp-caption-text\">Ramadan Kareem, 100 fils: Palestine 2011<\/figcaption><\/figure><h2><span style=\"color: #181818; font-family: open-sans, sans-serif;\"><span style=\"letter-spacing: 0.8px;\">La date et p\u00e9riode du je\u00fbne<\/span><\/span><\/h2><p>Comme l&#8217;ann\u00e9e lunaire est 11 jours plus courte que l&#8217;ann\u00e9e solaire, le mois du ramadan se produit \u00e0 une date gr\u00e9gorienne diff\u00e9rente chaque ann\u00e9e. En raison de la variation de date, le mois de je\u00fbne se produira au fil du temps en toutes saisons.<\/p><figure id=\"attachment_3684\" aria-describedby=\"caption-attachment-3684\" style=\"width: 499px\" class=\"wp-caption aligncenter\"><a style=\"background-color: #ffffff;\" href=\"https:\/\/i0.wp.com\/theworldinstamps.com\/wp-content\/uploads\/2021\/04\/Palestine-2011-238.png\"><img loading=\"lazy\" decoding=\"async\" src=\"https:\/\/i0.wp.com\/theworldinstamps.com\/wp-content\/uploads\/2021\/04\/Palestine-2011-238.png?resize=499%2C373\" alt=\"Ramadan Kareem, 500 fils: Palestine 2011\" width=\"499\" height=\"373\" data-recalc-dims=\"1\" \/><\/a><figcaption id=\"caption-attachment-3684\" class=\"wp-caption-text\">\u00a0<span style=\"letter-spacing: 0.5px;\">Timbres de voeux pour le Ramadan<\/span>, 500 fils: Palestine 2011<\/figcaption><\/figure><p>Selon la saison \u00e0 laquelle arrive le mois de Ramadan et la position g\u00e9ographique, la dur\u00e9e du je\u00fbne sera plus ou moins longue. De plus, le niveau de temp\u00e9rature et les conditions m\u00e9t\u00e9orologiques rendront le je\u00fbne plus facile ou plus difficile.<\/p><figure id=\"attachment_3683\" aria-describedby=\"caption-attachment-3683\" style=\"width: 505px\" class=\"wp-caption aligncenter\"><a style=\"background-color: #ffffff;\" href=\"https:\/\/i0.wp.com\/theworldinstamps.com\/wp-content\/uploads\/2021\/04\/Palestine-2011-237.png\"><img loading=\"lazy\" decoding=\"async\" src=\"https:\/\/i0.wp.com\/theworldinstamps.com\/wp-content\/uploads\/2021\/04\/Palestine-2011-237.png?resize=505%2C380\" alt=\"Ramadan Kareem, 250 fils: Palestine 2011\" width=\"505\" height=\"380\" data-recalc-dims=\"1\" \/><\/a><figcaption id=\"caption-attachment-3683\" class=\"wp-caption-text\">Ramadan Kareem, 250 fils: Palestine 2011<\/figcaption><\/figure><div><h2>Exemptions et exceptions<\/h2><p>Selon les r\u00e8gles islamiques, le je\u00fbne est une obligation pour tous les musulmans qui ont atteint la pubert\u00e9 et sont en bonne sant\u00e9. Les malades et les personnes \u00e2g\u00e9es, ainsi que les voyageurs, les femmes enceintes et celles qui allaitent sont exempt\u00e9s. Dans certains cas, ils sont cens\u00e9s compenser les jours de je\u00fbne manqu\u00e9s dans le futur ou aider \u00e0 nourrir les pauvres s&#8217;ils sont en permanence incapables de je\u00fbner pour des probl\u00e8mes de sant\u00e9.<\/p><p>D&#8217;autres pays islamiques, comme l&#8217;\u00c9gypte, ont \u00e9galement \u00e9mis\u00a0<a href=\"https:\/\/theworldinstamps.com\/?p=2477&amp;lang=fr\" target=\"_blank\" rel=\"noopener\">des timbres de voeux pour\u00a0le Ramadan<\/a>.<\/p><\/div>\t\t\t\t\t\t<\/div>\n\t\t\t\t<\/div>\n\t\t\t\t\t<\/div>\n\t\t<\/div>\n\t\t\t\t\t\t\t<\/div>\n\t\t<\/section>\n\t\t\t\t\t\t\t<\/div>\n\t\t","protected":false},"excerpt":{"rendered":"<p>En 2011, la Palestine a \u00e9mis des feuillets et des timbres de voeux pour le Ramadan et \u00e0 l&#8217;occasion de ce mois sp\u00e9cial pour les musulmans.<\/p>\n","protected":false},"author":1,"featured_media":3689,"comment_status":"open","ping_status":"open","sticky":true,"template":"","format":"standard","meta":{"om_disable_all_campaigns":false,"_monsterinsights_skip_tracking":false,"_monsterinsights_sitenote_active":false,"_monsterinsights_sitenote_note":"","_monsterinsights_sitenote_category":0,"_uf_show_specific_survey":0,"_uf_disable_surveys":false,"footnotes":""},"categories":[284],"tags":[229,19,505],"class_list":["post-3692","post","type-post","status-publish","format-standard","has-post-thumbnail","hentry","category-palestine-fr","tag-commemoration","tag-palestine","tag-ramadan"],"yoast_head":"<!-- This site is optimized with the Yoast SEO plugin v20.7 - https:\/\/yoast.com\/wordpress\/plugins\/seo\/ -->\n<title>Ramadan Kareem: Palestine 2011 : The World In Stamps<\/title>\n<meta name=\"description\" content=\"En 2011, la Palestine a \u00e9mis des feuillets et des timbres de voeux pour le Ramadan et \u00e0 l&#039;occasion de ce mois sp\u00e9cial pour les musulmans.\" \/>\n<meta name=\"robots\" content=\"index, follow, max-snippet:-1, max-image-preview:large, max-video-preview:-1\" \/>\n<link rel=\"canonical\" href=\"https:\/\/theworldinstamps.com\/?p=3692&lang=fr\" \/>\n<meta property=\"og:locale\" content=\"en_US\" \/>\n<meta property=\"og:type\" content=\"article\" \/>\n<meta property=\"og:title\" content=\"Ramadan Kareem: Palestine 2011 : The World In Stamps\" \/>\n<meta property=\"og:description\" content=\"En 2011, la Palestine a \u00e9mis des feuillets et des timbres de voeux pour le Ramadan et \u00e0 l&#039;occasion de ce mois sp\u00e9cial pour les musulmans.\" \/>\n<meta property=\"og:url\" content=\"https:\/\/theworldinstamps.com\/?p=3692&amp;lang=fr\" \/>\n<meta property=\"og:site_name\" content=\"The World In Stamps\" \/>\n<meta property=\"article:publisher\" content=\"https:\/\/www.facebook.com\/TheWorldInStamps\" \/>\n<meta property=\"article:author\" content=\"https:\/\/www.facebook.com\/TheWorldInStamps\" \/>\n<meta property=\"article:published_time\" content=\"2021-04-15T19:52:35+00:00\" \/>\n<meta property=\"article:modified_time\" content=\"2023-04-10T17:39:37+00:00\" \/>\n<meta property=\"og:image\" content=\"https:\/\/theworldinstamps.com\/wp-content\/uploads\/2021\/04\/Palestine-211-235-238-Icon2.png\" \/>\n\t<meta property=\"og:image:width\" content=\"440\" \/>\n\t<meta property=\"og:image:height\" content=\"339\" \/>\n\t<meta property=\"og:image:type\" content=\"image\/png\" \/>\n<meta name=\"author\" content=\"TWinSAdmin\" \/>\n<meta name=\"twitter:card\" content=\"summary_large_image\" \/>\n<meta name=\"twitter:creator\" content=\"@https:\/\/twitter.com\/stamps_world\" \/>\n<meta name=\"twitter:site\" content=\"@stamps_world\" \/>\n<meta name=\"twitter:label1\" content=\"Written by\" \/>\n\t<meta name=\"twitter:data1\" content=\"TWinSAdmin\" \/>\n\t<meta name=\"twitter:label2\" content=\"Est. reading time\" \/>\n\t<meta name=\"twitter:data2\" content=\"3 minutes\" \/>\n<script type=\"application\/ld+json\" class=\"yoast-schema-graph\">{\"@context\":\"https:\/\/schema.org\",\"@graph\":[{\"@type\":\"Article\",\"@id\":\"https:\/\/theworldinstamps.com\/?p=3692&lang=fr#article\",\"isPartOf\":{\"@id\":\"https:\/\/theworldinstamps.com\/?p=3692&lang=fr\"},\"author\":{\"name\":\"TWinSAdmin\",\"@id\":\"https:\/\/theworldinstamps.com\/#\/schema\/person\/c0611d31792a5362356c7b1e1c4a0f17\"},\"headline\":\"Ramadan Kareem: Palestine 2011\",\"datePublished\":\"2021-04-15T19:52:35+00:00\",\"dateModified\":\"2023-04-10T17:39:37+00:00\",\"mainEntityOfPage\":{\"@id\":\"https:\/\/theworldinstamps.com\/?p=3692&lang=fr\"},\"wordCount\":444,\"commentCount\":0,\"publisher\":{\"@id\":\"https:\/\/theworldinstamps.com\/#\/schema\/person\/c0611d31792a5362356c7b1e1c4a0f17\"},\"keywords\":[\"Commemoration\",\"Palestine\",\"Ramadan\"],\"articleSection\":[\"Palestine\"],\"inLanguage\":\"en-US\",\"potentialAction\":[{\"@type\":\"CommentAction\",\"name\":\"Comment\",\"target\":[\"https:\/\/theworldinstamps.com\/?p=3692&lang=fr#respond\"]}]},{\"@type\":\"WebPage\",\"@id\":\"https:\/\/theworldinstamps.com\/?p=3692&lang=fr\",\"url\":\"https:\/\/theworldinstamps.com\/?p=3692&lang=fr\",\"name\":\"Ramadan Kareem: Palestine 2011 : The World In Stamps\",\"isPartOf\":{\"@id\":\"https:\/\/theworldinstamps.com\/#website\"},\"datePublished\":\"2021-04-15T19:52:35+00:00\",\"dateModified\":\"2023-04-10T17:39:37+00:00\",\"description\":\"En 2011, la Palestine a \u00e9mis des feuillets et des timbres de voeux pour le Ramadan et \u00e0 l'occasion de ce mois sp\u00e9cial pour les musulmans.\",\"breadcrumb\":{\"@id\":\"https:\/\/theworldinstamps.com\/?p=3692&lang=fr#breadcrumb\"},\"inLanguage\":\"en-US\",\"potentialAction\":[{\"@type\":\"ReadAction\",\"target\":[\"https:\/\/theworldinstamps.com\/?p=3692&lang=fr\"]}]},{\"@type\":\"BreadcrumbList\",\"@id\":\"https:\/\/theworldinstamps.com\/?p=3692&lang=fr#breadcrumb\",\"itemListElement\":[{\"@type\":\"ListItem\",\"position\":1,\"name\":\"Home\",\"item\":\"https:\/\/theworldinstamps.com\/?lang=ar\"},{\"@type\":\"ListItem\",\"position\":2,\"name\":\"Ramadan Kareem: Palestine 2011\"}]},{\"@type\":\"WebSite\",\"@id\":\"https:\/\/theworldinstamps.com\/#website\",\"url\":\"https:\/\/theworldinstamps.com\/\",\"name\":\"The World In Stamps\",\"description\":\"A journey in a stamps collection\",\"publisher\":{\"@id\":\"https:\/\/theworldinstamps.com\/#\/schema\/person\/c0611d31792a5362356c7b1e1c4a0f17\"},\"potentialAction\":[{\"@type\":\"SearchAction\",\"target\":{\"@type\":\"EntryPoint\",\"urlTemplate\":\"https:\/\/theworldinstamps.com\/?s={search_term_string}\"},\"query-input\":\"required name=search_term_string\"}],\"inLanguage\":\"en-US\"},{\"@type\":[\"Person\",\"Organization\"],\"@id\":\"https:\/\/theworldinstamps.com\/#\/schema\/person\/c0611d31792a5362356c7b1e1c4a0f17\",\"name\":\"TWinSAdmin\",\"image\":{\"@type\":\"ImageObject\",\"inLanguage\":\"en-US\",\"@id\":\"https:\/\/theworldinstamps.com\/#\/schema\/person\/image\/\",\"url\":\"https:\/\/i0.wp.com\/theworldinstamps.com\/wp-content\/uploads\/2020\/07\/Site_Icon5-1.png?fit=512%2C512&ssl=1\",\"contentUrl\":\"https:\/\/i0.wp.com\/theworldinstamps.com\/wp-content\/uploads\/2020\/07\/Site_Icon5-1.png?fit=512%2C512&ssl=1\",\"width\":512,\"height\":512,\"caption\":\"TWinSAdmin\"},\"logo\":{\"@id\":\"https:\/\/theworldinstamps.com\/#\/schema\/person\/image\/\"},\"sameAs\":[\"https:\/\/www.facebook.com\/TheWorldInStamps\",\"https:\/\/www.pinterest.fr\/safwanq\/\",\"https:\/\/twitter.com\/https:\/\/twitter.com\/stamps_world\"],\"url\":\"https:\/\/theworldinstamps.com\/?author=1\"}]}<\/script>\n<!-- \/ Yoast SEO plugin. -->","yoast_head_json":{"title":"Ramadan Kareem: Palestine 2011 : The World In Stamps","description":"En 2011, la Palestine a \u00e9mis des feuillets et des timbres de voeux pour le Ramadan et \u00e0 l'occasion de ce mois sp\u00e9cial pour les musulmans.","robots":{"index":"index","follow":"follow","max-snippet":"max-snippet:-1","max-image-preview":"max-image-preview:large","max-video-preview":"max-video-preview:-1"},"canonical":"https:\/\/theworldinstamps.com\/?p=3692&lang=fr","og_locale":"en_US","og_type":"article","og_title":"Ramadan Kareem: Palestine 2011 : The World In Stamps","og_description":"En 2011, la Palestine a \u00e9mis des feuillets et des timbres de voeux pour le Ramadan et \u00e0 l'occasion de ce mois sp\u00e9cial pour les musulmans.","og_url":"https:\/\/theworldinstamps.com\/?p=3692&lang=fr","og_site_name":"The World In Stamps","article_publisher":"https:\/\/www.facebook.com\/TheWorldInStamps","article_author":"https:\/\/www.facebook.com\/TheWorldInStamps","article_published_time":"2021-04-15T19:52:35+00:00","article_modified_time":"2023-04-10T17:39:37+00:00","og_image":[{"width":440,"height":339,"url":"https:\/\/theworldinstamps.com\/wp-content\/uploads\/2021\/04\/Palestine-211-235-238-Icon2.png","type":"image\/png"}],"author":"TWinSAdmin","twitter_card":"summary_large_image","twitter_creator":"@https:\/\/twitter.com\/stamps_world","twitter_site":"@stamps_world","twitter_misc":{"Written by":"TWinSAdmin","Est. reading time":"3 minutes"},"schema":{"@context":"https:\/\/schema.org","@graph":[{"@type":"Article","@id":"https:\/\/theworldinstamps.com\/?p=3692&lang=fr#article","isPartOf":{"@id":"https:\/\/theworldinstamps.com\/?p=3692&lang=fr"},"author":{"name":"TWinSAdmin","@id":"https:\/\/theworldinstamps.com\/#\/schema\/person\/c0611d31792a5362356c7b1e1c4a0f17"},"headline":"Ramadan Kareem: Palestine 2011","datePublished":"2021-04-15T19:52:35+00:00","dateModified":"2023-04-10T17:39:37+00:00","mainEntityOfPage":{"@id":"https:\/\/theworldinstamps.com\/?p=3692&lang=fr"},"wordCount":444,"commentCount":0,"publisher":{"@id":"https:\/\/theworldinstamps.com\/#\/schema\/person\/c0611d31792a5362356c7b1e1c4a0f17"},"keywords":["Commemoration","Palestine","Ramadan"],"articleSection":["Palestine"],"inLanguage":"en-US","potentialAction":[{"@type":"CommentAction","name":"Comment","target":["https:\/\/theworldinstamps.com\/?p=3692&lang=fr#respond"]}]},{"@type":"WebPage","@id":"https:\/\/theworldinstamps.com\/?p=3692&lang=fr","url":"https:\/\/theworldinstamps.com\/?p=3692&lang=fr","name":"Ramadan Kareem: Palestine 2011 : The World In Stamps","isPartOf":{"@id":"https:\/\/theworldinstamps.com\/#website"},"datePublished":"2021-04-15T19:52:35+00:00","dateModified":"2023-04-10T17:39:37+00:00","description":"En 2011, la Palestine a \u00e9mis des feuillets et des timbres de voeux pour le Ramadan et \u00e0 l'occasion de ce mois sp\u00e9cial pour les musulmans.","breadcrumb":{"@id":"https:\/\/theworldinstamps.com\/?p=3692&lang=fr#breadcrumb"},"inLanguage":"en-US","potentialAction":[{"@type":"ReadAction","target":["https:\/\/theworldinstamps.com\/?p=3692&lang=fr"]}]},{"@type":"BreadcrumbList","@id":"https:\/\/theworldinstamps.com\/?p=3692&lang=fr#breadcrumb","itemListElement":[{"@type":"ListItem","position":1,"name":"Home","item":"https:\/\/theworldinstamps.com\/?lang=ar"},{"@type":"ListItem","position":2,"name":"Ramadan Kareem: Palestine 2011"}]},{"@type":"WebSite","@id":"https:\/\/theworldinstamps.com\/#website","url":"https:\/\/theworldinstamps.com\/","name":"The World In Stamps","description":"A journey in a stamps collection","publisher":{"@id":"https:\/\/theworldinstamps.com\/#\/schema\/person\/c0611d31792a5362356c7b1e1c4a0f17"},"potentialAction":[{"@type":"SearchAction","target":{"@type":"EntryPoint","urlTemplate":"https:\/\/theworldinstamps.com\/?s={search_term_string}"},"query-input":"required name=search_term_string"}],"inLanguage":"en-US"},{"@type":["Person","Organization"],"@id":"https:\/\/theworldinstamps.com\/#\/schema\/person\/c0611d31792a5362356c7b1e1c4a0f17","name":"TWinSAdmin","image":{"@type":"ImageObject","inLanguage":"en-US","@id":"https:\/\/theworldinstamps.com\/#\/schema\/person\/image\/","url":"https:\/\/i0.wp.com\/theworldinstamps.com\/wp-content\/uploads\/2020\/07\/Site_Icon5-1.png?fit=512%2C512&ssl=1","contentUrl":"https:\/\/i0.wp.com\/theworldinstamps.com\/wp-content\/uploads\/2020\/07\/Site_Icon5-1.png?fit=512%2C512&ssl=1","width":512,"height":512,"caption":"TWinSAdmin"},"logo":{"@id":"https:\/\/theworldinstamps.com\/#\/schema\/person\/image\/"},"sameAs":["https:\/\/www.facebook.com\/TheWorldInStamps","https:\/\/www.pinterest.fr\/safwanq\/","https:\/\/twitter.com\/https:\/\/twitter.com\/stamps_world"],"url":"https:\/\/theworldinstamps.com\/?author=1"}]}},"jetpack_featured_media_url":"https:\/\/i0.wp.com\/theworldinstamps.com\/wp-content\/uploads\/2021\/04\/Palestine-211-235-238-Icon2.png?fit=440%2C339&ssl=1","jetpack-related-posts":[{"id":2477,"url":"https:\/\/theworldinstamps.com\/?p=2477&lang=fr","url_meta":{"origin":3692,"position":0},"title":"Ramadan Mubarak Et Joyeuse F\u00eate","date":"May 24, 2020","format":false,"excerpt":"Le mois de Ramadan est le mois de je\u00fbne pour les musulmans. C'est le neuvi\u00e8me mois du calendrier islamique.","rel":"","context":"In &quot;Egypt&quot;","img":{"alt_text":"UAR 1967: Ramadan Kareem & Eid greetings","src":"https:\/\/i0.wp.com\/theworldinstamps.com\/wp-content\/uploads\/2020\/05\/UAR-Ramadan-Kareem-Icon.jpg?fit=450%2C340&ssl=1&resize=350%2C200","width":350,"height":200},"classes":[]},{"id":8019,"url":"https:\/\/theworldinstamps.com\/?p=8019&lang=fr","url_meta":{"origin":3692,"position":1},"title":"Le 15e si\u00e8cle du calendrier islamique : Alg\u00e9rie 1979","date":"August 3, 2022","format":false,"excerpt":"Le calendrier islamique a commenc\u00e9 en l'an 622 apr\u00e8s JC. Ce timbre alg\u00e9rien de 1979 comm\u00e9more le d\u00e9but du XVe si\u00e8cle du calendrier islamique.","rel":"","context":"In &quot;Algerie&quot;","img":{"alt_text":"start of the 15th century in the islamic calendar","src":"https:\/\/i0.wp.com\/theworldinstamps.com\/wp-content\/uploads\/2022\/08\/Algeria-1979-YT-708.jpg?fit=800%2C600&ssl=1&resize=350%2C200","width":350,"height":200},"classes":[]},{"id":3470,"url":"https:\/\/theworldinstamps.com\/?p=3470&lang=fr","url_meta":{"origin":3692,"position":2},"title":"Incendie de la mosqu\u00e9e Al-Aqsa &#8211; Egypte 1970","date":"March 6, 2021","format":false,"excerpt":"Le 21 ao\u00fbt 1969, un touriste australien a mis le feu \u00e0 la partie sud de la mosqu\u00e9e Al-Aqsa de J\u00e9rusalem, le troisi\u00e8me lieu saint de l'Islam.","rel":"","context":"In &quot;Egypt&quot;","img":{"alt_text":"Egypt-1970-YT825- Al Aqsa Mosque","src":"https:\/\/i0.wp.com\/theworldinstamps.com\/wp-content\/uploads\/2021\/03\/Egypt-1970-YT825_Icon.png?fit=400%2C300&ssl=1&resize=350%2C200","width":350,"height":200},"classes":[]},{"id":2245,"url":"https:\/\/theworldinstamps.com\/?p=2245&lang=fr","url_meta":{"origin":3692,"position":3},"title":"Palestine 1976: Journ\u00e9e de la Terre 1\/4","date":"March 31, 2020","format":false,"excerpt":"Pour protester contre la confiscation de leurs terres par les autorit\u00e9s isra\u00e9liennes, les maires des villes arabes d'Isra\u00ebl ont appel\u00e9 \u00e0 une journ\u00e9e de gr\u00e8ve g\u00e9n\u00e9rale: \u00ab La Journ\u00e9e de la terre\u00bb.","rel":"","context":"In &quot;Palestine&quot;","img":{"alt_text":"Palestine-1976-LandDay-1","src":"https:\/\/i0.wp.com\/theworldinstamps.com\/wp-content\/uploads\/2020\/03\/Palestine-1976-LabdDay-1-Icon-1.jpg?fit=350%2C251&ssl=1&resize=350%2C200","width":350,"height":200},"classes":[]},{"id":2257,"url":"https:\/\/theworldinstamps.com\/?p=2257&lang=fr","url_meta":{"origin":3692,"position":4},"title":"Palestine 1976: Journ\u00e9e de la Terre 4\/4","date":"March 31, 2020","format":false,"excerpt":"Suite \u00e0 la confiscation des terres des palestiniens par les autorit\u00e9s isra\u00e9liennes, les citoyens arabes d'Isra\u00ebl ont appel\u00e9 \u00e0 \u00abLa Journ\u00e9e de la terre en Palestine\u00bb","rel":"","context":"In &quot;Palestine&quot;","img":{"alt_text":"","src":"https:\/\/i0.wp.com\/theworldinstamps.com\/wp-content\/uploads\/2020\/03\/Palestine-1976-LabdDay-4-Icon-1.jpg?fit=350%2C253&ssl=1&resize=350%2C200","width":350,"height":200},"classes":[]},{"id":3836,"url":"https:\/\/theworldinstamps.com\/?p=3836&lang=fr","url_meta":{"origin":3692,"position":5},"title":"D\u00e9claration de l&#8217;Etat de Palestine en Alg\u00e9rie 1988","date":"July 12, 2021","format":false,"excerpt":"Entier Potal comm\u00e9morant le 30e anniversaire de la d\u00e9claration de l'\u00c9tat de Palestine, qui a eu lieu \u00e0 Alger en 1988.","rel":"","context":"In &quot;Algerie&quot;","img":{"alt_text":"30th anniversary of the declaration of the Palestinian state","src":"https:\/\/i0.wp.com\/theworldinstamps.com\/wp-content\/uploads\/2021\/07\/Algeria-2018-Palestine-State-Icon2.png?fit=450%2C400&ssl=1&resize=350%2C200","width":350,"height":200},"classes":[]}],"_links":{"self":[{"href":"https:\/\/theworldinstamps.com\/index.php?rest_route=\/wp\/v2\/posts\/3692","targetHints":{"allow":["GET"]}}],"collection":[{"href":"https:\/\/theworldinstamps.com\/index.php?rest_route=\/wp\/v2\/posts"}],"about":[{"href":"https:\/\/theworldinstamps.com\/index.php?rest_route=\/wp\/v2\/types\/post"}],"author":[{"embeddable":true,"href":"https:\/\/theworldinstamps.com\/index.php?rest_route=\/wp\/v2\/users\/1"}],"replies":[{"embeddable":true,"href":"https:\/\/theworldinstamps.com\/index.php?rest_route=%2Fwp%2Fv2%2Fcomments&post=3692"}],"version-history":[{"count":12,"href":"https:\/\/theworldinstamps.com\/index.php?rest_route=\/wp\/v2\/posts\/3692\/revisions"}],"predecessor-version":[{"id":10643,"href":"https:\/\/theworldinstamps.com\/index.php?rest_route=\/wp\/v2\/posts\/3692\/revisions\/10643"}],"wp:featuredmedia":[{"embeddable":true,"href":"https:\/\/theworldinstamps.com\/index.php?rest_route=\/wp\/v2\/media\/3689"}],"wp:attachment":[{"href":"https:\/\/theworldinstamps.com\/index.php?rest_route=%2Fwp%2Fv2%2Fmedia&parent=3692"}],"wp:term":[{"taxonomy":"category","embeddable":true,"href":"https:\/\/theworldinstamps.com\/index.php?rest_route=%2Fwp%2Fv2%2Fcategories&post=3692"},{"taxonomy":"post_tag","embeddable":true,"href":"https:\/\/theworldinstamps.com\/index.php?rest_route=%2Fwp%2Fv2%2Ftags&post=3692"}],"curies":[{"name":"wp","href":"https:\/\/api.w.org\/{rel}","templated":true}]}}