{"id":3836,"date":"2021-07-12T10:59:47","date_gmt":"2021-07-12T07:59:47","guid":{"rendered":"http:\/\/theworldinstamps.com\/?p=3836"},"modified":"2021-07-22T04:56:05","modified_gmt":"2021-07-22T01:56:05","slug":"declaration-de-letat-de-palestine-en-algerie-1988","status":"publish","type":"post","link":"https:\/\/theworldinstamps.com\/?p=3836&lang=fr","title":{"rendered":"D\u00e9claration de l&#8217;Etat de Palestine en Alg\u00e9rie 1988"},"content":{"rendered":"\t\t<div data-elementor-type=\"wp-post\" data-elementor-id=\"3836\" class=\"elementor elementor-3836\">\n\t\t\t\t\t\t\t\t\t<section class=\"elementor-section elementor-top-section elementor-element elementor-element-283db2c elementor-section-boxed elementor-section-height-default elementor-section-height-default\" data-id=\"283db2c\" data-element_type=\"section\">\n\t\t\t\t\t\t<div class=\"elementor-container elementor-column-gap-default\">\n\t\t\t\t\t<div class=\"elementor-column elementor-col-100 elementor-top-column elementor-element elementor-element-38f95f6\" data-id=\"38f95f6\" data-element_type=\"column\">\n\t\t\t<div class=\"elementor-widget-wrap elementor-element-populated\">\n\t\t\t\t\t\t\t\t<div class=\"elementor-element elementor-element-b2e02f4 elementor-widget elementor-widget-text-editor\" data-id=\"b2e02f4\" data-element_type=\"widget\" data-widget_type=\"text-editor.default\">\n\t\t\t\t<div class=\"elementor-widget-container\">\n\t\t\t<style>\/*! elementor - v3.17.0 - 08-11-2023 *\/\n.elementor-widget-text-editor.elementor-drop-cap-view-stacked .elementor-drop-cap{background-color:#69727d;color:#fff}.elementor-widget-text-editor.elementor-drop-cap-view-framed .elementor-drop-cap{color:#69727d;border:3px solid;background-color:transparent}.elementor-widget-text-editor:not(.elementor-drop-cap-view-default) .elementor-drop-cap{margin-top:8px}.elementor-widget-text-editor:not(.elementor-drop-cap-view-default) .elementor-drop-cap-letter{width:1em;height:1em}.elementor-widget-text-editor .elementor-drop-cap{float:right;text-align:center;line-height:1;font-size:50px}.elementor-widget-text-editor .elementor-drop-cap-letter{display:inline-block}<\/style>\t\t\t\t<p>En 2018, les services postaux alg\u00e9riens ont \u00e9mis une feuille en comm\u00e9moration du 30e anniversaire de la d\u00e9claration de l&#8217;\u00c9tat palestinien en 1988.<\/p><h2>L&#8217;\u00e9v\u00e9nement historique<\/h2><p style=\"text-align: left;\">Le 15 novembre 1988, le Conseil national palestinien, organe l\u00e9gislatif de\u00a0<a href=\"https:\/\/fr.wikipedia.org\/wiki\/Organisation_de_lib%C3%A9ration_de_la_Palestine\" target=\"_blank\" rel=\"noopener\">l&#8217;Organisation de lib\u00e9ration de la Palestine (OLP)<\/a>, s&#8217;est r\u00e9uni en\u00a0<a href=\"https:\/\/fr.wikipedia.org\/wiki\/Alg%C3%A9rie\" target=\"_blank\" rel=\"noopener\">Alg\u00e9rie\u00a0<\/a>pour adopter la d\u00e9claration d&#8217;ind\u00e9pendance de\u00a0<a href=\"https:\/\/fr.wikipedia.org\/wiki\/Palestine_(%C3%89tat)\" target=\"_blank\" rel=\"noopener\">l&#8217;\u00c9tat de Palestine<\/a>.<\/p><figure style=\"width: 800px\" class=\"wp-caption alignnone\"><img loading=\"lazy\" decoding=\"async\" class=\"size-full\" src=\"https:\/\/i0.wp.com\/theworldinstamps.com\/wp-content\/uploads\/2021\/07\/Algerie-\u0627\u0644\u0630\u0643\u0631\u0649-30-\u0644\u0625\u0639\u0644\u0627\u0646-\u0627\u0644\u062f\u0648\u0644\u0629-\u0627\u0644\u0641\u0644\u0633\u0637\u064a\u0646\u064a\u0629.jpg?resize=640%2C523\" alt=\"Feuillet d'Alg\u00e9rie comm\u00e9morant le 30e anniversaire de la d\u00e9claration de l'Etat palestinien.\" width=\"640\" height=\"523\" data-recalc-dims=\"1\" \/><figcaption class=\"wp-caption-text\">Feuillet d&#8217;Alg\u00e9rie comm\u00e9morant le 30e anniversaire de la d\u00e9claration de l&#8217;Etat palestinien.<\/figcaption><\/figure><p>The declaration of the Palestinian state in 1988, was written by the famous\u00a0<a href=\"https:\/\/www.theguardian.com\/books\/2008\/aug\/11\/poetry.israelandthepalestinians\" target=\"_blank\" rel=\"noopener\">Palestinian poet Mahmoud Darwish<\/a>\u00a0and read by\u00a0<a href=\"https:\/\/en.wikipedia.org\/wiki\/Yasser_Arafat\" target=\"_blank\" rel=\"noopener\">the Palestinian leader Yasser Arafat<\/a>. It proclaimed an independent State of Palestine on the Palestinian soil with Jerusalem as its capital.<\/p><p>La d\u00e9claration de l&#8217;Etat palestinien en 1988, a \u00e9t\u00e9 \u00e9crite par le c\u00e9l\u00e8bre\u00a0<a href=\"https:\/\/www.franceculture.fr\/conferences\/universite-le-havre-normandie\/mahmoud-darwich-poete-de-la-palestine\" target=\"_blank\" rel=\"noopener\">po\u00e8te palestinien Mahmoud Darwich<\/a>\u00a0et lue par le\u00a0<a href=\"https:\/\/fr.wikipedia.org\/wiki\/Yasser_Arafat\" target=\"_blank\" rel=\"noopener\">leader palestinien Yasser Arafat<\/a>\u00a0qui sera \u00e9lu comme premier pr\u00e9sident de l&#8217;Etat palestinien. Cette declaration a proclam\u00e9 un \u00c9tat de Palestine ind\u00e9pendant sur le sol palestinien avec J\u00e9rusalem pour capitale.<\/p><h2>Extraits de la d\u00e9claration :<\/h2><figure id=\"attachment_3842\" aria-describedby=\"caption-attachment-3842\" style=\"width: 600px\" class=\"wp-caption aligncenter\"><a href=\"https:\/\/i0.wp.com\/theworldinstamps.com\/wp-content\/uploads\/2021\/07\/Arafat-Declaration-of-Palestine-1988-1.jpg\"><img loading=\"lazy\" decoding=\"async\" src=\"https:\/\/i0.wp.com\/theworldinstamps.com\/wp-content\/uploads\/2021\/07\/Arafat-Declaration-of-Palestine-1988-1.jpg?resize=600%2C430\" alt=\"Yasser Arafat apres la lecture de la declaration de l'etat de Palestine.\" width=\"600\" height=\"430\" data-recalc-dims=\"1\" \/><\/a><figcaption id=\"caption-attachment-3842\" class=\"wp-caption-text\">Yasser Arafat apr<span style=\"letter-spacing: 0.5px;\">\u00e8<\/span>s la lecture de la\u00a0<span style=\"letter-spacing: 0.5px;\">d\u00e9claration\u00a0<\/span>de\u00a0<span style=\"letter-spacing: 0.5px;\">l&#8217;Etat\u00a0<\/span>de Palestine.<\/figcaption><\/figure><p style=\"text-align: left;\">&#8220;Fond\u00e9 sur le droit naturel, historique et juridique du peuple arabe palestinien \u00e0 sa patrie, la Palestine et sur les sacrifices de ses g\u00e9n\u00e9rations successives pour la d\u00e9fense de la libert\u00e9 et de l&#8217;ind\u00e9pendance de sa patrie et sur la base des r\u00e9solutions des sommets arabes, et de la force de la l\u00e9gitimit\u00e9 internationale incarn\u00e9e dans les r\u00e9solutions des Nations Unies depuis 1947, et l&#8217;exercice par le peuple arabe palestinien de son droit \u00e0 l&#8217;autod\u00e9termination, \u00e0 l&#8217;ind\u00e9pendance politique et \u00e0 la souverainet\u00e9 sur sa terre, le Conseil national annonce, au nom de Dieu et au nom du peuple arabe palestinien, la cr\u00e9ation de l&#8217;\u00c9tat de Palestine sur notre terre palestinienne, avec Al-Quds Al-Sharif pour capitale&#8221;<\/p><p><a href=\"https:\/\/i0.wp.com\/theworldinstamps.com\/wp-content\/uploads\/2021\/07\/Algeria-2018-Palestine-State-Icon.png\"><img loading=\"lazy\" decoding=\"async\" src=\"https:\/\/i0.wp.com\/theworldinstamps.com\/wp-content\/uploads\/2021\/07\/Algeria-2018-Palestine-State-Icon.png?resize=450%2C316\" alt=\"Sheet-Algeria-2018-Palestine-State\" width=\"450\" height=\"316\" data-recalc-dims=\"1\" \/><\/a>\u00a0\u00a0<\/p><p>La partie en haut \u00e0 droite du Feuillet \u00e9mis par l&#8217;Alg\u00e9rie en 2018 en comm\u00e9moration du 30e anniversaire de la d\u00e9claration de l&#8217;\u00c9tat de Palestine.<\/p><div><div><h2>Cons\u00e9quences<span style=\"font-size: 18px; font-weight: 400;\">\u00a0<\/span>internationales:<\/h2><\/div><div>Cette d\u00e9claration a eu des cons\u00e9quences tr\u00e8s importantes, puisque plus de 90 \u00c9tats ont reconnu l&#8217;\u00c9tat de Palestine dans l&#8217;ann\u00e9e qui a suivi la d\u00e9claration. L&#8217;Assembl\u00e9e g\u00e9n\u00e9rale des Nations Unies a salu\u00e9 cette d\u00e9claration et autoris\u00e9 l&#8217;organisation de lib\u00e9ration de la Palestine qui avait un statut d&#8217;observateur \u00e0 l&#8217;Assembl\u00e9e g\u00e9n\u00e9rale des Nations Unies \u00e0 changer son nom en \u00ab Palestine \u00bb.<\/div><div><div>\u00a0Cette d\u00e9claration a ouvert la voie \u00e0 la reconnaissance de \u00ab l&#8217;\u00c9tat de Palestine \u00bb en tant qu&#8217;\u00c9tat observateur membre des Nations Unies en 2012.<\/div><\/div><h2>Description du feuillet:<\/h2><p>Le c\u00f4t\u00e9 sup\u00e9rieur droit du feuillet comporte un timbre avec le dessin du d\u00f4me du Rocher \u00e0 J\u00e9rusalem. Le c\u00f4t\u00e9 inf\u00e9rieur gauche montre les drapeaux alg\u00e9rien et palestinien avec deux colombes symbolisant la paix.<\/p><p>La valeur faciale \u00e9tait de 70 dinars alg\u00e9riens.<\/p><\/div>\t\t\t\t\t\t<\/div>\n\t\t\t\t<\/div>\n\t\t\t\t\t<\/div>\n\t\t<\/div>\n\t\t\t\t\t\t\t<\/div>\n\t\t<\/section>\n\t\t\t\t\t\t\t<\/div>\n\t\t","protected":false},"excerpt":{"rendered":"<p>Entier Potal comm\u00e9morant le 30e anniversaire de la d\u00e9claration de l&#8217;\u00c9tat de Palestine, qui a eu lieu \u00e0 Alger en 1988.<\/p>\n","protected":false},"author":1,"featured_media":3785,"comment_status":"open","ping_status":"open","sticky":true,"template":"","format":"standard","meta":{"om_disable_all_campaigns":false,"_monsterinsights_skip_tracking":false,"_monsterinsights_sitenote_active":false,"_monsterinsights_sitenote_note":"","_monsterinsights_sitenote_category":0,"_uf_show_specific_survey":0,"_uf_disable_surveys":false,"footnotes":""},"categories":[254],"tags":[229,19],"class_list":["post-3836","post","type-post","status-publish","format-standard","has-post-thumbnail","hentry","category-algeria-fr","tag-commemoration","tag-palestine"],"yoast_head":"<!-- This site is optimized with the Yoast SEO plugin v20.7 - https:\/\/yoast.com\/wordpress\/plugins\/seo\/ -->\n<title>D\u00e9claration de l&#039;Etat de Palestine en Alg\u00e9rie 1988 : The World In Stamps<\/title>\n<meta name=\"description\" content=\"Potal sheet commemorating the 30th anniversary of the declaration of the of the State of Palestine, which took place in Algiers in 1988.\" \/>\n<meta name=\"robots\" content=\"index, follow, max-snippet:-1, max-image-preview:large, max-video-preview:-1\" \/>\n<link rel=\"canonical\" href=\"https:\/\/theworldinstamps.com\/?p=3836&lang=fr\" \/>\n<meta property=\"og:locale\" content=\"en_US\" \/>\n<meta property=\"og:type\" content=\"article\" \/>\n<meta property=\"og:title\" content=\"D\u00e9claration de l&#039;Etat de Palestine en Alg\u00e9rie 1988 : The World In Stamps\" \/>\n<meta property=\"og:description\" content=\"Potal sheet commemorating the 30th anniversary of the declaration of the of the State of Palestine, which took place in Algiers in 1988.\" \/>\n<meta property=\"og:url\" content=\"https:\/\/theworldinstamps.com\/?p=3836&amp;lang=fr\" \/>\n<meta property=\"og:site_name\" content=\"The World In Stamps\" \/>\n<meta property=\"article:publisher\" content=\"https:\/\/www.facebook.com\/TheWorldInStamps\" \/>\n<meta property=\"article:author\" content=\"https:\/\/www.facebook.com\/TheWorldInStamps\" \/>\n<meta property=\"article:published_time\" content=\"2021-07-12T07:59:47+00:00\" \/>\n<meta property=\"article:modified_time\" content=\"2021-07-22T01:56:05+00:00\" \/>\n<meta property=\"og:image\" content=\"https:\/\/i0.wp.com\/theworldinstamps.com\/wp-content\/uploads\/2021\/07\/Algeria-2018-Palestine-State-Icon2.png?fit=450%2C400&ssl=1\" \/>\n\t<meta property=\"og:image:width\" content=\"450\" \/>\n\t<meta property=\"og:image:height\" content=\"400\" \/>\n\t<meta property=\"og:image:type\" content=\"image\/png\" \/>\n<meta name=\"author\" content=\"TWinSAdmin\" \/>\n<meta name=\"twitter:card\" content=\"summary_large_image\" \/>\n<meta name=\"twitter:creator\" content=\"@https:\/\/twitter.com\/stamps_world\" \/>\n<meta name=\"twitter:site\" content=\"@stamps_world\" \/>\n<meta name=\"twitter:label1\" content=\"Written by\" \/>\n\t<meta name=\"twitter:data1\" content=\"TWinSAdmin\" \/>\n\t<meta name=\"twitter:label2\" content=\"Est. reading time\" \/>\n\t<meta name=\"twitter:data2\" content=\"3 minutes\" \/>\n<script type=\"application\/ld+json\" class=\"yoast-schema-graph\">{\"@context\":\"https:\/\/schema.org\",\"@graph\":[{\"@type\":\"Article\",\"@id\":\"https:\/\/theworldinstamps.com\/?p=3836&lang=fr#article\",\"isPartOf\":{\"@id\":\"https:\/\/theworldinstamps.com\/?p=3836&lang=fr\"},\"author\":{\"name\":\"TWinSAdmin\",\"@id\":\"https:\/\/theworldinstamps.com\/#\/schema\/person\/c0611d31792a5362356c7b1e1c4a0f17\"},\"headline\":\"D\u00e9claration de l&#8217;Etat de Palestine en Alg\u00e9rie 1988\",\"datePublished\":\"2021-07-12T07:59:47+00:00\",\"dateModified\":\"2021-07-22T01:56:05+00:00\",\"mainEntityOfPage\":{\"@id\":\"https:\/\/theworldinstamps.com\/?p=3836&lang=fr\"},\"wordCount\":515,\"commentCount\":0,\"publisher\":{\"@id\":\"https:\/\/theworldinstamps.com\/#\/schema\/person\/c0611d31792a5362356c7b1e1c4a0f17\"},\"keywords\":[\"Commemoration\",\"Palestine\"],\"articleSection\":[\"Algerie\"],\"inLanguage\":\"en-US\",\"potentialAction\":[{\"@type\":\"CommentAction\",\"name\":\"Comment\",\"target\":[\"https:\/\/theworldinstamps.com\/?p=3836&lang=fr#respond\"]}]},{\"@type\":\"WebPage\",\"@id\":\"https:\/\/theworldinstamps.com\/?p=3836&lang=fr\",\"url\":\"https:\/\/theworldinstamps.com\/?p=3836&lang=fr\",\"name\":\"D\u00e9claration de l'Etat de Palestine en Alg\u00e9rie 1988 : The World In Stamps\",\"isPartOf\":{\"@id\":\"https:\/\/theworldinstamps.com\/#website\"},\"datePublished\":\"2021-07-12T07:59:47+00:00\",\"dateModified\":\"2021-07-22T01:56:05+00:00\",\"description\":\"Potal sheet commemorating the 30th anniversary of the declaration of the of the State of Palestine, which took place in Algiers in 1988.\",\"breadcrumb\":{\"@id\":\"https:\/\/theworldinstamps.com\/?p=3836&lang=fr#breadcrumb\"},\"inLanguage\":\"en-US\",\"potentialAction\":[{\"@type\":\"ReadAction\",\"target\":[\"https:\/\/theworldinstamps.com\/?p=3836&lang=fr\"]}]},{\"@type\":\"BreadcrumbList\",\"@id\":\"https:\/\/theworldinstamps.com\/?p=3836&lang=fr#breadcrumb\",\"itemListElement\":[{\"@type\":\"ListItem\",\"position\":1,\"name\":\"Home\",\"item\":\"https:\/\/theworldinstamps.com\/?lang=ar\"},{\"@type\":\"ListItem\",\"position\":2,\"name\":\"D\u00e9claration de l&#8217;Etat de Palestine en Alg\u00e9rie 1988\"}]},{\"@type\":\"WebSite\",\"@id\":\"https:\/\/theworldinstamps.com\/#website\",\"url\":\"https:\/\/theworldinstamps.com\/\",\"name\":\"The World In Stamps\",\"description\":\"A journey in a stamps collection\",\"publisher\":{\"@id\":\"https:\/\/theworldinstamps.com\/#\/schema\/person\/c0611d31792a5362356c7b1e1c4a0f17\"},\"potentialAction\":[{\"@type\":\"SearchAction\",\"target\":{\"@type\":\"EntryPoint\",\"urlTemplate\":\"https:\/\/theworldinstamps.com\/?s={search_term_string}\"},\"query-input\":\"required name=search_term_string\"}],\"inLanguage\":\"en-US\"},{\"@type\":[\"Person\",\"Organization\"],\"@id\":\"https:\/\/theworldinstamps.com\/#\/schema\/person\/c0611d31792a5362356c7b1e1c4a0f17\",\"name\":\"TWinSAdmin\",\"image\":{\"@type\":\"ImageObject\",\"inLanguage\":\"en-US\",\"@id\":\"https:\/\/theworldinstamps.com\/#\/schema\/person\/image\/\",\"url\":\"https:\/\/i0.wp.com\/theworldinstamps.com\/wp-content\/uploads\/2020\/07\/Site_Icon5-1.png?fit=512%2C512&ssl=1\",\"contentUrl\":\"https:\/\/i0.wp.com\/theworldinstamps.com\/wp-content\/uploads\/2020\/07\/Site_Icon5-1.png?fit=512%2C512&ssl=1\",\"width\":512,\"height\":512,\"caption\":\"TWinSAdmin\"},\"logo\":{\"@id\":\"https:\/\/theworldinstamps.com\/#\/schema\/person\/image\/\"},\"sameAs\":[\"https:\/\/www.facebook.com\/TheWorldInStamps\",\"https:\/\/www.pinterest.fr\/safwanq\/\",\"https:\/\/twitter.com\/https:\/\/twitter.com\/stamps_world\"],\"url\":\"https:\/\/theworldinstamps.com\/?author=1\"}]}<\/script>\n<!-- \/ Yoast SEO plugin. -->","yoast_head_json":{"title":"D\u00e9claration de l'Etat de Palestine en Alg\u00e9rie 1988 : The World In Stamps","description":"Potal sheet commemorating the 30th anniversary of the declaration of the of the State of Palestine, which took place in Algiers in 1988.","robots":{"index":"index","follow":"follow","max-snippet":"max-snippet:-1","max-image-preview":"max-image-preview:large","max-video-preview":"max-video-preview:-1"},"canonical":"https:\/\/theworldinstamps.com\/?p=3836&lang=fr","og_locale":"en_US","og_type":"article","og_title":"D\u00e9claration de l'Etat de Palestine en Alg\u00e9rie 1988 : The World In Stamps","og_description":"Potal sheet commemorating the 30th anniversary of the declaration of the of the State of Palestine, which took place in Algiers in 1988.","og_url":"https:\/\/theworldinstamps.com\/?p=3836&lang=fr","og_site_name":"The World In Stamps","article_publisher":"https:\/\/www.facebook.com\/TheWorldInStamps","article_author":"https:\/\/www.facebook.com\/TheWorldInStamps","article_published_time":"2021-07-12T07:59:47+00:00","article_modified_time":"2021-07-22T01:56:05+00:00","og_image":[{"width":450,"height":400,"url":"https:\/\/i0.wp.com\/theworldinstamps.com\/wp-content\/uploads\/2021\/07\/Algeria-2018-Palestine-State-Icon2.png?fit=450%2C400&ssl=1","type":"image\/png"}],"author":"TWinSAdmin","twitter_card":"summary_large_image","twitter_creator":"@https:\/\/twitter.com\/stamps_world","twitter_site":"@stamps_world","twitter_misc":{"Written by":"TWinSAdmin","Est. reading time":"3 minutes"},"schema":{"@context":"https:\/\/schema.org","@graph":[{"@type":"Article","@id":"https:\/\/theworldinstamps.com\/?p=3836&lang=fr#article","isPartOf":{"@id":"https:\/\/theworldinstamps.com\/?p=3836&lang=fr"},"author":{"name":"TWinSAdmin","@id":"https:\/\/theworldinstamps.com\/#\/schema\/person\/c0611d31792a5362356c7b1e1c4a0f17"},"headline":"D\u00e9claration de l&#8217;Etat de Palestine en Alg\u00e9rie 1988","datePublished":"2021-07-12T07:59:47+00:00","dateModified":"2021-07-22T01:56:05+00:00","mainEntityOfPage":{"@id":"https:\/\/theworldinstamps.com\/?p=3836&lang=fr"},"wordCount":515,"commentCount":0,"publisher":{"@id":"https:\/\/theworldinstamps.com\/#\/schema\/person\/c0611d31792a5362356c7b1e1c4a0f17"},"keywords":["Commemoration","Palestine"],"articleSection":["Algerie"],"inLanguage":"en-US","potentialAction":[{"@type":"CommentAction","name":"Comment","target":["https:\/\/theworldinstamps.com\/?p=3836&lang=fr#respond"]}]},{"@type":"WebPage","@id":"https:\/\/theworldinstamps.com\/?p=3836&lang=fr","url":"https:\/\/theworldinstamps.com\/?p=3836&lang=fr","name":"D\u00e9claration de l'Etat de Palestine en Alg\u00e9rie 1988 : The World In Stamps","isPartOf":{"@id":"https:\/\/theworldinstamps.com\/#website"},"datePublished":"2021-07-12T07:59:47+00:00","dateModified":"2021-07-22T01:56:05+00:00","description":"Potal sheet commemorating the 30th anniversary of the declaration of the of the State of Palestine, which took place in Algiers in 1988.","breadcrumb":{"@id":"https:\/\/theworldinstamps.com\/?p=3836&lang=fr#breadcrumb"},"inLanguage":"en-US","potentialAction":[{"@type":"ReadAction","target":["https:\/\/theworldinstamps.com\/?p=3836&lang=fr"]}]},{"@type":"BreadcrumbList","@id":"https:\/\/theworldinstamps.com\/?p=3836&lang=fr#breadcrumb","itemListElement":[{"@type":"ListItem","position":1,"name":"Home","item":"https:\/\/theworldinstamps.com\/?lang=ar"},{"@type":"ListItem","position":2,"name":"D\u00e9claration de l&#8217;Etat de Palestine en Alg\u00e9rie 1988"}]},{"@type":"WebSite","@id":"https:\/\/theworldinstamps.com\/#website","url":"https:\/\/theworldinstamps.com\/","name":"The World In Stamps","description":"A journey in a stamps collection","publisher":{"@id":"https:\/\/theworldinstamps.com\/#\/schema\/person\/c0611d31792a5362356c7b1e1c4a0f17"},"potentialAction":[{"@type":"SearchAction","target":{"@type":"EntryPoint","urlTemplate":"https:\/\/theworldinstamps.com\/?s={search_term_string}"},"query-input":"required name=search_term_string"}],"inLanguage":"en-US"},{"@type":["Person","Organization"],"@id":"https:\/\/theworldinstamps.com\/#\/schema\/person\/c0611d31792a5362356c7b1e1c4a0f17","name":"TWinSAdmin","image":{"@type":"ImageObject","inLanguage":"en-US","@id":"https:\/\/theworldinstamps.com\/#\/schema\/person\/image\/","url":"https:\/\/i0.wp.com\/theworldinstamps.com\/wp-content\/uploads\/2020\/07\/Site_Icon5-1.png?fit=512%2C512&ssl=1","contentUrl":"https:\/\/i0.wp.com\/theworldinstamps.com\/wp-content\/uploads\/2020\/07\/Site_Icon5-1.png?fit=512%2C512&ssl=1","width":512,"height":512,"caption":"TWinSAdmin"},"logo":{"@id":"https:\/\/theworldinstamps.com\/#\/schema\/person\/image\/"},"sameAs":["https:\/\/www.facebook.com\/TheWorldInStamps","https:\/\/www.pinterest.fr\/safwanq\/","https:\/\/twitter.com\/https:\/\/twitter.com\/stamps_world"],"url":"https:\/\/theworldinstamps.com\/?author=1"}]}},"jetpack_featured_media_url":"https:\/\/i0.wp.com\/theworldinstamps.com\/wp-content\/uploads\/2021\/07\/Algeria-2018-Palestine-State-Icon2.png?fit=450%2C400&ssl=1","jetpack-related-posts":[{"id":2720,"url":"https:\/\/theworldinstamps.com\/?p=2720&lang=fr","url_meta":{"origin":3836,"position":0},"title":"Reconnaissance par la FIFA de la Palestine &#8211; 2013","date":"July 4, 2020","format":false,"excerpt":"La Palestine a obtenu la reconnaissance par la FIFA de son stade domicile en 2013. Un timbre palestinien a \u00e9t\u00e9 \u00e9mis a cette occasion.","rel":"","context":"In &quot;Palestine&quot;","img":{"alt_text":"Palestine 2013 - Recognition of Palestinian Home Ground by FIFA","src":"https:\/\/i0.wp.com\/theworldinstamps.com\/wp-content\/uploads\/2020\/07\/Palestine-2013-FIFA-300x300.jpg?resize=350%2C200","width":350,"height":200},"classes":[]},{"id":2317,"url":"https:\/\/theworldinstamps.com\/?p=2317&lang=fr","url_meta":{"origin":3836,"position":1},"title":"Combattants Palestiniens de la Libert\u00e9 : Kuwait 1970","date":"May 16, 2020","format":false,"excerpt":"En 1970, le Kowe\u00eft a \u00e9mis une s\u00e9rie de trois timbres repr\u00e9sentant les combattants palestiniens de la libert\u00e9 et la mosqu\u00e9e Aqsa de J\u00e9rusalem.","rel":"","context":"In &quot;Koweit&quot;","img":{"alt_text":"Palestine Freedon Fighters","src":"https:\/\/i0.wp.com\/theworldinstamps.com\/wp-content\/uploads\/2020\/05\/Kuwait-1970-YT468_Icon1.jpg?fit=450%2C340&ssl=1&resize=350%2C200","width":350,"height":200},"classes":[]},{"id":1976,"url":"https:\/\/theworldinstamps.com\/?p=1976&lang=fr","url_meta":{"origin":3836,"position":2},"title":"Arabie Saoudite 1988 &#8211; Intifada du peuple palestinien","date":"February 8, 2020","format":false,"excerpt":"Le 8 d\u00e9cembre 1987, un soldat isra\u00e9lien a \u00e9cras\u00e9 un groupe de travailleurs palestiniens au poste de contr\u00f4le militaire d'Erez dans la bande de Gaza, ce qui a provoqu\u00e9 le d\u00e9clenchement de manifestations, qui se sont transform\u00e9es en affrontements avec les forces d'occupation dans la ville d'Al-Bureij, puis se sont\u2026","rel":"","context":"In &quot;Arabie Saoudite&quot;","img":{"alt_text":"","src":"https:\/\/i0.wp.com\/theworldinstamps.com\/wp-content\/uploads\/2019\/11\/Saudi-Arabia-2000-intifada_2c_Icon-1.jpg?fit=400%2C317&ssl=1&resize=350%2C200","width":350,"height":200},"classes":[]},{"id":2257,"url":"https:\/\/theworldinstamps.com\/?p=2257&lang=fr","url_meta":{"origin":3836,"position":3},"title":"Palestine 1976: Journ\u00e9e de la Terre 4\/4","date":"March 31, 2020","format":false,"excerpt":"Suite \u00e0 la confiscation des terres des palestiniens par les autorit\u00e9s isra\u00e9liennes, les citoyens arabes d'Isra\u00ebl ont appel\u00e9 \u00e0 \u00abLa Journ\u00e9e de la terre en Palestine\u00bb","rel":"","context":"In &quot;Palestine&quot;","img":{"alt_text":"","src":"https:\/\/i0.wp.com\/theworldinstamps.com\/wp-content\/uploads\/2020\/03\/Palestine-1976-LabdDay-4-Icon-1.jpg?fit=350%2C253&ssl=1&resize=350%2C200","width":350,"height":200},"classes":[]},{"id":9146,"url":"https:\/\/theworldinstamps.com\/?p=9146&lang=fr","url_meta":{"origin":3836,"position":4},"title":"Premier anniversaire de l&#8217;ind\u00e9pendance du Maroc : 1957","date":"November 19, 2022","format":false,"excerpt":"En 1957, la poste marocaine a \u00e9mis une s\u00e9rie de trois timbres comm\u00e9morant le premier anniversaire de l'ind\u00e9pendance du Maroc.","rel":"","context":"In &quot;Maroc&quot;","img":{"alt_text":"1st anniversary of the independence of Morocco","src":"https:\/\/i0.wp.com\/theworldinstamps.com\/wp-content\/uploads\/2022\/11\/Morocco-1957-YT-374-76.jpg?fit=1200%2C628&ssl=1&resize=350%2C200","width":350,"height":200},"classes":[]},{"id":3660,"url":"https:\/\/theworldinstamps.com\/?p=3660&lang=fr","url_meta":{"origin":3836,"position":5},"title":"l&#8217;Emir AbdelKader: Alg\u00e9rie 1966","date":"April 10, 2021","format":false,"excerpt":"Le prince Abdelkader est le fondateur de l'\u00c9tat alg\u00e9rien moderne et un symbole de la r\u00e9sistance alg\u00e9rienne contre le colonialisme fran\u00e7ais.","rel":"","context":"In &quot;Algerie&quot;","img":{"alt_text":"Emir Abdelkader Algeria 1966","src":"https:\/\/i0.wp.com\/theworldinstamps.com\/wp-content\/uploads\/2021\/04\/Algeria-1966-431_Icon.png?fit=440%2C340&ssl=1&resize=350%2C200","width":350,"height":200},"classes":[]}],"_links":{"self":[{"href":"https:\/\/theworldinstamps.com\/index.php?rest_route=\/wp\/v2\/posts\/3836","targetHints":{"allow":["GET"]}}],"collection":[{"href":"https:\/\/theworldinstamps.com\/index.php?rest_route=\/wp\/v2\/posts"}],"about":[{"href":"https:\/\/theworldinstamps.com\/index.php?rest_route=\/wp\/v2\/types\/post"}],"author":[{"embeddable":true,"href":"https:\/\/theworldinstamps.com\/index.php?rest_route=\/wp\/v2\/users\/1"}],"replies":[{"embeddable":true,"href":"https:\/\/theworldinstamps.com\/index.php?rest_route=%2Fwp%2Fv2%2Fcomments&post=3836"}],"version-history":[{"count":8,"href":"https:\/\/theworldinstamps.com\/index.php?rest_route=\/wp\/v2\/posts\/3836\/revisions"}],"predecessor-version":[{"id":4191,"href":"https:\/\/theworldinstamps.com\/index.php?rest_route=\/wp\/v2\/posts\/3836\/revisions\/4191"}],"wp:featuredmedia":[{"embeddable":true,"href":"https:\/\/theworldinstamps.com\/index.php?rest_route=\/wp\/v2\/media\/3785"}],"wp:attachment":[{"href":"https:\/\/theworldinstamps.com\/index.php?rest_route=%2Fwp%2Fv2%2Fmedia&parent=3836"}],"wp:term":[{"taxonomy":"category","embeddable":true,"href":"https:\/\/theworldinstamps.com\/index.php?rest_route=%2Fwp%2Fv2%2Fcategories&post=3836"},{"taxonomy":"post_tag","embeddable":true,"href":"https:\/\/theworldinstamps.com\/index.php?rest_route=%2Fwp%2Fv2%2Ftags&post=3836"}],"curies":[{"name":"wp","href":"https:\/\/api.w.org\/{rel}","templated":true}]}}