{"id":5128,"date":"2021-09-18T13:51:55","date_gmt":"2021-09-18T10:51:55","guid":{"rendered":"http:\/\/theworldinstamps.com\/?p=5128"},"modified":"2022-09-25T02:15:02","modified_gmt":"2022-09-24T23:15:02","slug":"massacre-de-sabra-et-chatila-jordanie-1983","status":"publish","type":"post","link":"https:\/\/theworldinstamps.com\/?p=5128&lang=fr","title":{"rendered":"Massacre de Sabra et Chatila : Timbres de Jordanie 1983"},"content":{"rendered":"\t\t<div data-elementor-type=\"wp-post\" data-elementor-id=\"5128\" class=\"elementor elementor-5128\">\n\t\t\t\t\t\t\t\t\t<section class=\"elementor-section elementor-top-section elementor-element elementor-element-465d703 elementor-section-boxed elementor-section-height-default elementor-section-height-default\" data-id=\"465d703\" data-element_type=\"section\">\n\t\t\t\t\t\t<div class=\"elementor-container elementor-column-gap-default\">\n\t\t\t\t\t<div class=\"elementor-column elementor-col-100 elementor-top-column elementor-element elementor-element-5fe5d02\" data-id=\"5fe5d02\" data-element_type=\"column\">\n\t\t\t<div class=\"elementor-widget-wrap elementor-element-populated\">\n\t\t\t\t\t\t\t\t<div class=\"elementor-element elementor-element-6310c2f elementor-widget elementor-widget-text-editor\" data-id=\"6310c2f\" data-element_type=\"widget\" data-widget_type=\"text-editor.default\">\n\t\t\t\t<div class=\"elementor-widget-container\">\n\t\t\t<style>\/*! elementor - v3.17.0 - 08-11-2023 *\/\n.elementor-widget-text-editor.elementor-drop-cap-view-stacked .elementor-drop-cap{background-color:#69727d;color:#fff}.elementor-widget-text-editor.elementor-drop-cap-view-framed .elementor-drop-cap{color:#69727d;border:3px solid;background-color:transparent}.elementor-widget-text-editor:not(.elementor-drop-cap-view-default) .elementor-drop-cap{margin-top:8px}.elementor-widget-text-editor:not(.elementor-drop-cap-view-default) .elementor-drop-cap-letter{width:1em;height:1em}.elementor-widget-text-editor .elementor-drop-cap{float:right;text-align:center;line-height:1;font-size:50px}.elementor-widget-text-editor .elementor-drop-cap-letter{display:inline-block}<\/style>\t\t\t\t<p>En septembre 1982, des milices libanaises alli\u00e9es \u00e0 l&#8217;arm\u00e9e isra\u00e9lienne\u00a0<a style=\"background-color: #ffffff;\" href=\"https:\/\/fr.wikipedia.org\/wiki\/Massacre_de_Sabra_et_Chatila\" target=\"_blank\" rel=\"noopener\">commettent le massacre des camps de r\u00e9fugi\u00e9s palestiniens de Sabra et Chatila<\/a>\u00a0a Beyrouth, tuant environ 3000 civils. Le massacre a \u00e9t\u00e9 perp\u00e9tr\u00e9 du 16 au 18 septembre 1982.<\/p><h2>L&#8217;invasion isra\u00e9lienne du Liban en 1982<\/h2><p>En juin 1982, l&#8217;arm\u00e9e isra\u00e9lienne, qui occupait d\u00e9j\u00e0 une partie du sud du Liban, a lanc\u00e9 une vaste invasion du Liban. Les troupes isra\u00e9liennes ont progress\u00e9 sous la f\u00e9roce r\u00e9sistance des combattants palestiniens et libanais. L&#8217;arm\u00e9e isra\u00e9lienne a r\u00e9ussi \u00e0 assi\u00e9ger la partie ouest de la capitale, Beyrouth, qui abritait la direction de l&#8217;Organisation de lib\u00e9ration de la Palestine.<\/p><figure id=\"attachment_5085\" aria-describedby=\"caption-attachment-5085\" style=\"width: 379px\" class=\"wp-caption aligncenter\"><a href=\"https:\/\/i0.wp.com\/theworldinstamps.com\/wp-content\/uploads\/2021\/09\/Jordan-1983-Sabra-Shatila-YT-1092-1.jpg\"><img loading=\"lazy\" decoding=\"async\" src=\"https:\/\/i0.wp.com\/theworldinstamps.com\/wp-content\/uploads\/2021\/09\/Jordan-1983-Sabra-Shatila-YT-1092-1.jpg?resize=379%2C286\" alt=\"Massacre of Sabra &amp; Shatila 1\" width=\"379\" height=\"286\" data-recalc-dims=\"1\" \/><\/a><figcaption id=\"caption-attachment-5085\" class=\"wp-caption-text\">Massacre de Sabra et Chatila &#8211; Jordanie &#8211; YT &#8211; 1092<\/figcaption><\/figure><div><h2>Le si\u00e8ge de Beyrouth\u00a0<\/h2><p>La r\u00e9sistance h\u00e9ro\u00efque des combattants de\u00a0<a style=\"background-color: #ffffff;\" href=\"https:\/\/fr.wikipedia.org\/wiki\/Organisation_de_lib%C3%A9ration_de_la_Palestine\" target=\"_blank\" rel=\"noopener\">l&#8217;Organisation de lib\u00e9ration de la Palestine (OLP)<\/a>\u00a0et du mouvement national libanais a emp\u00each\u00e9 les troupes isra\u00e9liennes d&#8217;entrer dans l&#8217;ouest de Beyrouth. Pendant sept semaines, Isra\u00ebl a bombard\u00e9 la ville par voie maritime, a\u00e9rienne et terrestre, coupant l&#8217;approvisionnement en nourriture, en eau et en \u00e9lectricit\u00e9, et occupant l&#8217;a\u00e9roport et certaines de ses banlieues sud, mais sans atteindre aucun objectif majeur.<\/p><figure id=\"attachment_5086\" aria-describedby=\"caption-attachment-5086\" style=\"width: 380px\" class=\"wp-caption aligncenter\"><a href=\"https:\/\/i0.wp.com\/theworldinstamps.com\/wp-content\/uploads\/2021\/09\/Jordan-1983-Sabra-Shatila-YT-1093.jpg\"><img loading=\"lazy\" decoding=\"async\" src=\"https:\/\/i0.wp.com\/theworldinstamps.com\/wp-content\/uploads\/2021\/09\/Jordan-1983-Sabra-Shatila-YT-1093.jpg?resize=380%2C287\" alt=\"Massacre of Sabra &amp; Shatila 2\" width=\"380\" height=\"287\" data-recalc-dims=\"1\" \/><\/a><figcaption id=\"caption-attachment-5086\" class=\"wp-caption-text\">Massacre de Sabra et Chatila &#8211; Jordanie &#8211;\u00a0YT &#8211; 1093<\/figcaption><\/figure><h2><span lang=\"EN-US\">L&#8217;accord de cessez-le-feu<\/span><\/h2><p>Apr\u00e8s cette longue r\u00e9sistance de Beyrouth assi\u00e9g\u00e9e, le diplomate am\u00e9ricain Philip Habib a entam\u00e9 une m\u00e9diation. La n\u00e9gociation a conduit \u00e0 un accord en vertu duquel Isra\u00ebl s&#8217;est engag\u00e9 \u00e0 retirer ses troupes de Beyrouth et \u00e0 ne jamais entrer dans la ville et l&#8217;Organisation de lib\u00e9ration de la Palestine et ses combattants quitteraient Beyrouth. L&#8217;accord avait confi\u00e9 la responsabilit\u00e9 \u00e0 une force multinationale dirig\u00e9e par les \u00c9tats-Unis de garantir la s\u00e9curit\u00e9 des civils Palestiniens et libanais dans Beyrouth .<\/p><figure id=\"attachment_5089\" aria-describedby=\"caption-attachment-5089\" style=\"width: 380px\" class=\"wp-caption aligncenter\"><a style=\"background-color: #ffffff;\" href=\"https:\/\/i0.wp.com\/theworldinstamps.com\/wp-content\/uploads\/2021\/09\/Jordan-1983-Sabra-Shatila-YT-1094-1.jpg\"><img loading=\"lazy\" decoding=\"async\" src=\"https:\/\/i0.wp.com\/theworldinstamps.com\/wp-content\/uploads\/2021\/09\/Jordan-1983-Sabra-Shatila-YT-1094-1.jpg?resize=380%2C287\" alt=\"Massacre of Sabra &amp; Shatila 3\" width=\"380\" height=\"287\" data-recalc-dims=\"1\" \/><\/a><figcaption id=\"caption-attachment-5089\" class=\"wp-caption-text\">Massacre de Sabra et Chatila &#8211; Jordanie &#8211;\u00a0YT &#8211; 1094<\/figcaption><\/figure><p><span style=\"letter-spacing: 0.533333px; font-family: Roboto;\">Le 21 ao\u00fbt, 350 parachutistes fran\u00e7ais sont arriv\u00e9s \u00e0 Beyrouth, suivis de 800 autres Marines am\u00e9ricains et casques bleus internationaux et 400 soldats italiens pour superviser le d\u00e9part de l&#8217;OLP, d&#8217;abord par bateau puis par terre, vers la Tunisie, le Y\u00e9men, la Jordanie et la Syrie.\u00a0<\/span><\/p><p><span style=\"font-family: Roboto;\"><span style=\"letter-spacing: 0.533333px;\">Le d\u00e9part des combattants palestiniens a commenc\u00e9 le 26 ao\u00fbt et a culmin\u00e9 avec le d\u00e9part du\u00a0<\/span><\/span><a style=\"background-color: #ffffff;\" href=\"https:\/\/fr.wikipedia.org\/wiki\/Yasser_Arafat\" target=\"_blank\" rel=\"noopener\">leader palestinien historique Yasser Arafat<\/a><span style=\"font-family: Roboto;\"><span style=\"letter-spacing: 0.533333px;\">\u00a0le 30 ao\u00fbt 1982.<\/span><\/span><\/p><figure id=\"attachment_5079\" aria-describedby=\"caption-attachment-5079\" style=\"width: 380px\" class=\"wp-caption aligncenter\"><a style=\"background-color: #ffffff;\" href=\"https:\/\/i0.wp.com\/theworldinstamps.com\/wp-content\/uploads\/2021\/09\/Jordan-1983-Sabra-Shatila-YT-1095.jpg\"><img loading=\"lazy\" decoding=\"async\" src=\"https:\/\/i0.wp.com\/theworldinstamps.com\/wp-content\/uploads\/2021\/09\/Jordan-1983-Sabra-Shatila-YT-1095.jpg?resize=380%2C287\" alt=\"Massacre of Sabra &amp; Shatila 4\" width=\"380\" height=\"287\" data-recalc-dims=\"1\" \/><\/a><figcaption id=\"caption-attachment-5079\" class=\"wp-caption-text\"><br \/>Massacre de Sabra et Chatila &#8211; Jordanie &#8211;\u00a0YT &#8211; 1095<\/figcaption><\/figure><h2>Le massacre de Sabra et Chatila\u00a0<\/h2><p>Apr\u00e8s le d\u00e9part des combattants palestiniens, la force internationale a d\u00e9cid\u00e9 subitement de se retirer de Beyrouth le 13 septembre, laissant les civils sans protection.<\/p><p>Deux jours plus tard, l&#8217;arm\u00e9e isra\u00e9lienne est entr\u00e9e dans la partie ouest de Beyrouth et a assi\u00e9g\u00e9 les camps de r\u00e9fugi\u00e9s palestiniens de Sabra et Chatila. L&#8217;arm\u00e9e isra\u00e9lienne a fait entrer un certain nombre de ses milices alli\u00e9es dans les camps de r\u00e9fugi\u00e9s palestiniens, pr\u00e9tendant les nettoyer des combattants.<\/p><figure id=\"attachment_5080\" aria-describedby=\"caption-attachment-5080\" style=\"width: 380px\" class=\"wp-caption aligncenter\"><a style=\"background-color: #ffffff;\" href=\"https:\/\/i0.wp.com\/theworldinstamps.com\/wp-content\/uploads\/2021\/09\/Jordan-1983-Sabra-Shatila-YT-1096.jpg\"><img loading=\"lazy\" decoding=\"async\" src=\"https:\/\/i0.wp.com\/theworldinstamps.com\/wp-content\/uploads\/2021\/09\/Jordan-1983-Sabra-Shatila-YT-1096.jpg?resize=380%2C287\" alt=\"Massacre of Sabra &amp; Shatila 5\" width=\"380\" height=\"287\" data-recalc-dims=\"1\" \/><\/a><figcaption id=\"caption-attachment-5080\" class=\"wp-caption-text\">Massacre de Sabra et Chatila &#8211; Jordanie &#8211;\u00a0YT &#8211; 1096<\/figcaption><\/figure><p>Les milices alli\u00e9es \u00e0 l&#8217;arm\u00e9e isra\u00e9lienne ont commenc\u00e9 \u00e0 tuer syst\u00e9matiquement tous les r\u00e9sidents des camps, dans les rues des camps et \u00e0\u00a0l&#8217;int\u00e9rieur de leurs maisons. L&#8217;arm\u00e9e isra\u00e9lienne postionn\u00e9e aux abords des camps a emp\u00each\u00e9 les civils fuyant le massacre de quitter les camps. Le massacre s&#8217;est d\u00e9roul\u00e9 pendant trois jours et trois nuits, sous le si\u00e8ge et la surveillance de l&#8217;arm\u00e9e isra\u00e9lienne qui fournissait l&#8217;\u00e9clairage \u00e0\u00a0travers des bombes eclairantes. Un nombre ind\u00e9termin\u00e9 de victimes ont \u00e9t\u00e9 enterr\u00e9s dans des fosses communes \u00e0 l&#8217;int\u00e9rieur et aux abords des camps.<\/p><h2>Le nombre de victimes du massacre<\/h2><p>Il existe plusieurs rapports indiquant le nombre de martyrs dans le massacre, mais ils pr\u00e9sentent un \u00e9cart important dans le nombre de victimes. La commission d&#8217;enqu\u00eate isra\u00e9lienne dirig\u00e9e par Yitzhak Kahan a conclu dans son rapport final de sources libanaises et isra\u00e9liennes que le nombre de morts se situait entre 700 et 800 personnes. Mais\u00a0<a style=\"background-color: #ffffff;\" href=\"https:\/\/fr.wikipedia.org\/wiki\/Robert_Fisk\" target=\"_blank\" rel=\"noopener\">le journaliste britannique Robert Fisk<\/a>\u00a0a rapport\u00e9 qu&#8217;un des officiers de la milice maronite, qui a refus\u00e9 de r\u00e9v\u00e9ler son identit\u00e9, a d\u00e9clar\u00e9 que les membres de la milice ont tu\u00e9 2 000 Palestiniens. Quant au\u00a0<a style=\"background-color: #ffffff;\" href=\"https:\/\/fr.wikipedia.org\/wiki\/Amnon_Kapeliouk\" target=\"_blank\" rel=\"noopener\">journaliste franco-isra\u00e9lien Amnon Kapeliouk<\/a>, il a d\u00e9clar\u00e9 dans un livre publi\u00e9 sur le massacre que la Croix-Rouge a collect\u00e9 3000 corps, tandis que les miliciens ont collect\u00e9 2000 corps suppl\u00e9mentaires, ce qui indique qu&#8217;au moins 3000 personnes ont \u00e9t\u00e9 tu\u00e9es dans le massacre.<\/p><p>L&#8217;enqu\u00eate officielle isra\u00e9lienne a conclu que\u00a0<a href=\"https:\/\/fr.wikipedia.org\/wiki\/Ariel_Sharon\" target=\"_blank\" rel=\"noopener\">le ministre isra\u00e9lien de la D\u00e9fense Ariel Sharon<\/a>\u00a0porte une \u00ab responsabilit\u00e9 personnelle \u00bb dans le massacre de Sabra et Chatila et a recommand\u00e9 son renvoi de son poste de ministre de la D\u00e9fense. L&#8217;\u00e9vidente complicit\u00e9 de Sharon dans le massacre lui a valu d&#8217;\u00eatre appel\u00e9 le &#8220;boucher de Beyrouth&#8221; parmi les Arabes. Jusqu&#8217;\u00e0 aujourd&#8217;hui, aucun des responsables et participants \u00e0 ce massacre n&#8217;a \u00e9t\u00e9 poursuivi en justice.<\/p><figure id=\"attachment_5081\" aria-describedby=\"caption-attachment-5081\" style=\"width: 769px\" class=\"wp-caption aligncenter\"><a style=\"background-color: #ffffff;\" href=\"https:\/\/i0.wp.com\/theworldinstamps.com\/wp-content\/uploads\/2021\/09\/Jordan-1983-Sabra-Shatila-YT-BF-35.jpg\"><img loading=\"lazy\" decoding=\"async\" src=\"https:\/\/i0.wp.com\/theworldinstamps.com\/wp-content\/uploads\/2021\/09\/Jordan-1983-Sabra-Shatila-YT-BF-35.jpg?resize=640%2C469\" alt=\"Massacre of Sabra &amp; Shatila 6\" width=\"640\" height=\"469\" data-recalc-dims=\"1\" \/><\/a><figcaption id=\"caption-attachment-5081\" class=\"wp-caption-text\">Massacre de Sabra et Chatila &#8211; Jordanie &#8211;\u00a0YT &#8211; BF &#8211; 35<\/figcaption><\/figure><\/div><h2>La s\u00e9rie\u00a0de timbres :<\/h2><p>Cette s\u00e9rie de timbres a \u00e9t\u00e9 \u00e9mise par\u00a0<a href=\"https:\/\/theworldinstamps.com\/?p=2575&amp;lang=fr\" target=\"_blank\" rel=\"noopener\">le Royaume hach\u00e9mite de Jordanie<\/a>\u00a0en 1983. Les timbres portent de vraies images du massacre qui ont \u00e9t\u00e9 publi\u00e9es dans la presse \u00e0 l&#8217;\u00e9poque. L&#8217;ensemble est compos\u00e9 de 5 timbres avec des valeurs faciales de 10, 25, 40, 50 et 100 fils, et d&#8217;un feuillet de taille plus grande avec une valeur faciale de 100 fils.<\/p><p><b>R\u00e9f\u00e9rence catalogue :<\/b> Yvert &amp; Tellier 492 &#8211; 496 et BF &#8211; 35<\/p><div>_______________<\/div><div><b>[pvcp_1]<\/b><\/div>\t\t\t\t\t\t<\/div>\n\t\t\t\t<\/div>\n\t\t\t\t\t<\/div>\n\t\t<\/div>\n\t\t\t\t\t\t\t<\/div>\n\t\t<\/section>\n\t\t\t\t\t\t\t<\/div>\n\t\t","protected":false},"excerpt":{"rendered":"<p>Ces timbres comm\u00e9morent le massacre des camps de r\u00e9fugi\u00e9s palestiniens de Sabra et Chatila \u00e0 Beyrouth par les alli\u00e9s de l&#8217;arm\u00e9e isra\u00e9lienne.<\/p>\n","protected":false},"author":1,"featured_media":5082,"comment_status":"open","ping_status":"open","sticky":true,"template":"","format":"standard","meta":{"om_disable_all_campaigns":false,"_monsterinsights_skip_tracking":false,"_monsterinsights_sitenote_active":false,"_monsterinsights_sitenote_note":"","_monsterinsights_sitenote_category":0,"_uf_show_specific_survey":0,"_uf_disable_surveys":false,"footnotes":""},"categories":[274],"tags":[229,19],"class_list":["post-5128","post","type-post","status-publish","format-standard","has-post-thumbnail","hentry","category-jordan-fr","tag-commemoration","tag-palestine"],"yoast_head":"<!-- This site is optimized with the Yoast SEO plugin v20.7 - https:\/\/yoast.com\/wordpress\/plugins\/seo\/ -->\n<title>Massacre de Sabra et Chatila : Timbres de Jordanie 1983 : The World In Stamps<\/title>\n<meta name=\"description\" content=\"Ces timbres comm\u00e9morent le massacre des camps de r\u00e9fugi\u00e9s palestiniens de Sabra et Chatila \u00e0 Beyrouth par les alli\u00e9s de l&#039;arm\u00e9e isra\u00e9lienne.\" \/>\n<meta name=\"robots\" content=\"index, follow, max-snippet:-1, max-image-preview:large, max-video-preview:-1\" \/>\n<link rel=\"canonical\" href=\"https:\/\/theworldinstamps.com\/?p=5128&lang=fr\" \/>\n<meta property=\"og:locale\" content=\"en_US\" \/>\n<meta property=\"og:type\" content=\"article\" \/>\n<meta property=\"og:title\" content=\"Massacre de Sabra et Chatila : Timbres de Jordanie 1983 : The World In Stamps\" \/>\n<meta property=\"og:description\" content=\"Ces timbres comm\u00e9morent le massacre des camps de r\u00e9fugi\u00e9s palestiniens de Sabra et Chatila \u00e0 Beyrouth par les alli\u00e9s de l&#039;arm\u00e9e isra\u00e9lienne.\" \/>\n<meta property=\"og:url\" content=\"https:\/\/theworldinstamps.com\/?p=5128&amp;lang=fr\" \/>\n<meta property=\"og:site_name\" content=\"The World In Stamps\" \/>\n<meta property=\"article:publisher\" content=\"https:\/\/www.facebook.com\/TheWorldInStamps\" \/>\n<meta property=\"article:author\" content=\"https:\/\/www.facebook.com\/TheWorldInStamps\" \/>\n<meta property=\"article:published_time\" content=\"2021-09-18T10:51:55+00:00\" \/>\n<meta property=\"article:modified_time\" content=\"2022-09-24T23:15:02+00:00\" \/>\n<meta property=\"og:image\" content=\"https:\/\/i0.wp.com\/theworldinstamps.com\/wp-content\/uploads\/2021\/09\/Jordan-1983-Sabra-Shatila-YT-1092-96-icon.jpg?fit=1275%2C850&ssl=1\" \/>\n\t<meta property=\"og:image:width\" content=\"1275\" \/>\n\t<meta property=\"og:image:height\" content=\"850\" \/>\n\t<meta property=\"og:image:type\" content=\"image\/jpeg\" \/>\n<meta name=\"author\" content=\"TWinSAdmin\" \/>\n<meta name=\"twitter:card\" content=\"summary_large_image\" \/>\n<meta name=\"twitter:creator\" content=\"@https:\/\/twitter.com\/stamps_world\" \/>\n<meta name=\"twitter:site\" content=\"@stamps_world\" \/>\n<meta name=\"twitter:label1\" content=\"Written by\" \/>\n\t<meta name=\"twitter:data1\" content=\"TWinSAdmin\" \/>\n\t<meta name=\"twitter:label2\" content=\"Est. reading time\" \/>\n\t<meta name=\"twitter:data2\" content=\"5 minutes\" \/>\n<script type=\"application\/ld+json\" class=\"yoast-schema-graph\">{\"@context\":\"https:\/\/schema.org\",\"@graph\":[{\"@type\":\"Article\",\"@id\":\"https:\/\/theworldinstamps.com\/?p=5128&lang=fr#article\",\"isPartOf\":{\"@id\":\"https:\/\/theworldinstamps.com\/?p=5128&lang=fr\"},\"author\":{\"name\":\"TWinSAdmin\",\"@id\":\"https:\/\/theworldinstamps.com\/#\/schema\/person\/c0611d31792a5362356c7b1e1c4a0f17\"},\"headline\":\"Massacre de Sabra et Chatila : Timbres de Jordanie 1983\",\"datePublished\":\"2021-09-18T10:51:55+00:00\",\"dateModified\":\"2022-09-24T23:15:02+00:00\",\"mainEntityOfPage\":{\"@id\":\"https:\/\/theworldinstamps.com\/?p=5128&lang=fr\"},\"wordCount\":965,\"commentCount\":0,\"publisher\":{\"@id\":\"https:\/\/theworldinstamps.com\/#\/schema\/person\/c0611d31792a5362356c7b1e1c4a0f17\"},\"keywords\":[\"Commemoration\",\"Palestine\"],\"articleSection\":[\"Jordanie\"],\"inLanguage\":\"en-US\",\"potentialAction\":[{\"@type\":\"CommentAction\",\"name\":\"Comment\",\"target\":[\"https:\/\/theworldinstamps.com\/?p=5128&lang=fr#respond\"]}]},{\"@type\":\"WebPage\",\"@id\":\"https:\/\/theworldinstamps.com\/?p=5128&lang=fr\",\"url\":\"https:\/\/theworldinstamps.com\/?p=5128&lang=fr\",\"name\":\"Massacre de Sabra et Chatila : Timbres de Jordanie 1983 : The World In Stamps\",\"isPartOf\":{\"@id\":\"https:\/\/theworldinstamps.com\/#website\"},\"datePublished\":\"2021-09-18T10:51:55+00:00\",\"dateModified\":\"2022-09-24T23:15:02+00:00\",\"description\":\"Ces timbres comm\u00e9morent le massacre des camps de r\u00e9fugi\u00e9s palestiniens de Sabra et Chatila \u00e0 Beyrouth par les alli\u00e9s de l'arm\u00e9e isra\u00e9lienne.\",\"breadcrumb\":{\"@id\":\"https:\/\/theworldinstamps.com\/?p=5128&lang=fr#breadcrumb\"},\"inLanguage\":\"en-US\",\"potentialAction\":[{\"@type\":\"ReadAction\",\"target\":[\"https:\/\/theworldinstamps.com\/?p=5128&lang=fr\"]}]},{\"@type\":\"BreadcrumbList\",\"@id\":\"https:\/\/theworldinstamps.com\/?p=5128&lang=fr#breadcrumb\",\"itemListElement\":[{\"@type\":\"ListItem\",\"position\":1,\"name\":\"Home\",\"item\":\"https:\/\/theworldinstamps.com\/?lang=ar\"},{\"@type\":\"ListItem\",\"position\":2,\"name\":\"Massacre de Sabra et Chatila : Timbres de Jordanie 1983\"}]},{\"@type\":\"WebSite\",\"@id\":\"https:\/\/theworldinstamps.com\/#website\",\"url\":\"https:\/\/theworldinstamps.com\/\",\"name\":\"The World In Stamps\",\"description\":\"A journey in a stamps collection\",\"publisher\":{\"@id\":\"https:\/\/theworldinstamps.com\/#\/schema\/person\/c0611d31792a5362356c7b1e1c4a0f17\"},\"potentialAction\":[{\"@type\":\"SearchAction\",\"target\":{\"@type\":\"EntryPoint\",\"urlTemplate\":\"https:\/\/theworldinstamps.com\/?s={search_term_string}\"},\"query-input\":\"required name=search_term_string\"}],\"inLanguage\":\"en-US\"},{\"@type\":[\"Person\",\"Organization\"],\"@id\":\"https:\/\/theworldinstamps.com\/#\/schema\/person\/c0611d31792a5362356c7b1e1c4a0f17\",\"name\":\"TWinSAdmin\",\"image\":{\"@type\":\"ImageObject\",\"inLanguage\":\"en-US\",\"@id\":\"https:\/\/theworldinstamps.com\/#\/schema\/person\/image\/\",\"url\":\"https:\/\/i0.wp.com\/theworldinstamps.com\/wp-content\/uploads\/2020\/07\/Site_Icon5-1.png?fit=512%2C512&ssl=1\",\"contentUrl\":\"https:\/\/i0.wp.com\/theworldinstamps.com\/wp-content\/uploads\/2020\/07\/Site_Icon5-1.png?fit=512%2C512&ssl=1\",\"width\":512,\"height\":512,\"caption\":\"TWinSAdmin\"},\"logo\":{\"@id\":\"https:\/\/theworldinstamps.com\/#\/schema\/person\/image\/\"},\"sameAs\":[\"https:\/\/www.facebook.com\/TheWorldInStamps\",\"https:\/\/www.pinterest.fr\/safwanq\/\",\"https:\/\/twitter.com\/https:\/\/twitter.com\/stamps_world\"],\"url\":\"https:\/\/theworldinstamps.com\/?author=1\"}]}<\/script>\n<!-- \/ Yoast SEO plugin. -->","yoast_head_json":{"title":"Massacre de Sabra et Chatila : Timbres de Jordanie 1983 : The World In Stamps","description":"Ces timbres comm\u00e9morent le massacre des camps de r\u00e9fugi\u00e9s palestiniens de Sabra et Chatila \u00e0 Beyrouth par les alli\u00e9s de l'arm\u00e9e isra\u00e9lienne.","robots":{"index":"index","follow":"follow","max-snippet":"max-snippet:-1","max-image-preview":"max-image-preview:large","max-video-preview":"max-video-preview:-1"},"canonical":"https:\/\/theworldinstamps.com\/?p=5128&lang=fr","og_locale":"en_US","og_type":"article","og_title":"Massacre de Sabra et Chatila : Timbres de Jordanie 1983 : The World In Stamps","og_description":"Ces timbres comm\u00e9morent le massacre des camps de r\u00e9fugi\u00e9s palestiniens de Sabra et Chatila \u00e0 Beyrouth par les alli\u00e9s de l'arm\u00e9e isra\u00e9lienne.","og_url":"https:\/\/theworldinstamps.com\/?p=5128&lang=fr","og_site_name":"The World In Stamps","article_publisher":"https:\/\/www.facebook.com\/TheWorldInStamps","article_author":"https:\/\/www.facebook.com\/TheWorldInStamps","article_published_time":"2021-09-18T10:51:55+00:00","article_modified_time":"2022-09-24T23:15:02+00:00","og_image":[{"width":1275,"height":850,"url":"https:\/\/i0.wp.com\/theworldinstamps.com\/wp-content\/uploads\/2021\/09\/Jordan-1983-Sabra-Shatila-YT-1092-96-icon.jpg?fit=1275%2C850&ssl=1","type":"image\/jpeg"}],"author":"TWinSAdmin","twitter_card":"summary_large_image","twitter_creator":"@https:\/\/twitter.com\/stamps_world","twitter_site":"@stamps_world","twitter_misc":{"Written by":"TWinSAdmin","Est. reading time":"5 minutes"},"schema":{"@context":"https:\/\/schema.org","@graph":[{"@type":"Article","@id":"https:\/\/theworldinstamps.com\/?p=5128&lang=fr#article","isPartOf":{"@id":"https:\/\/theworldinstamps.com\/?p=5128&lang=fr"},"author":{"name":"TWinSAdmin","@id":"https:\/\/theworldinstamps.com\/#\/schema\/person\/c0611d31792a5362356c7b1e1c4a0f17"},"headline":"Massacre de Sabra et Chatila : Timbres de Jordanie 1983","datePublished":"2021-09-18T10:51:55+00:00","dateModified":"2022-09-24T23:15:02+00:00","mainEntityOfPage":{"@id":"https:\/\/theworldinstamps.com\/?p=5128&lang=fr"},"wordCount":965,"commentCount":0,"publisher":{"@id":"https:\/\/theworldinstamps.com\/#\/schema\/person\/c0611d31792a5362356c7b1e1c4a0f17"},"keywords":["Commemoration","Palestine"],"articleSection":["Jordanie"],"inLanguage":"en-US","potentialAction":[{"@type":"CommentAction","name":"Comment","target":["https:\/\/theworldinstamps.com\/?p=5128&lang=fr#respond"]}]},{"@type":"WebPage","@id":"https:\/\/theworldinstamps.com\/?p=5128&lang=fr","url":"https:\/\/theworldinstamps.com\/?p=5128&lang=fr","name":"Massacre de Sabra et Chatila : Timbres de Jordanie 1983 : The World In Stamps","isPartOf":{"@id":"https:\/\/theworldinstamps.com\/#website"},"datePublished":"2021-09-18T10:51:55+00:00","dateModified":"2022-09-24T23:15:02+00:00","description":"Ces timbres comm\u00e9morent le massacre des camps de r\u00e9fugi\u00e9s palestiniens de Sabra et Chatila \u00e0 Beyrouth par les alli\u00e9s de l'arm\u00e9e isra\u00e9lienne.","breadcrumb":{"@id":"https:\/\/theworldinstamps.com\/?p=5128&lang=fr#breadcrumb"},"inLanguage":"en-US","potentialAction":[{"@type":"ReadAction","target":["https:\/\/theworldinstamps.com\/?p=5128&lang=fr"]}]},{"@type":"BreadcrumbList","@id":"https:\/\/theworldinstamps.com\/?p=5128&lang=fr#breadcrumb","itemListElement":[{"@type":"ListItem","position":1,"name":"Home","item":"https:\/\/theworldinstamps.com\/?lang=ar"},{"@type":"ListItem","position":2,"name":"Massacre de Sabra et Chatila : Timbres de Jordanie 1983"}]},{"@type":"WebSite","@id":"https:\/\/theworldinstamps.com\/#website","url":"https:\/\/theworldinstamps.com\/","name":"The World In Stamps","description":"A journey in a stamps collection","publisher":{"@id":"https:\/\/theworldinstamps.com\/#\/schema\/person\/c0611d31792a5362356c7b1e1c4a0f17"},"potentialAction":[{"@type":"SearchAction","target":{"@type":"EntryPoint","urlTemplate":"https:\/\/theworldinstamps.com\/?s={search_term_string}"},"query-input":"required name=search_term_string"}],"inLanguage":"en-US"},{"@type":["Person","Organization"],"@id":"https:\/\/theworldinstamps.com\/#\/schema\/person\/c0611d31792a5362356c7b1e1c4a0f17","name":"TWinSAdmin","image":{"@type":"ImageObject","inLanguage":"en-US","@id":"https:\/\/theworldinstamps.com\/#\/schema\/person\/image\/","url":"https:\/\/i0.wp.com\/theworldinstamps.com\/wp-content\/uploads\/2020\/07\/Site_Icon5-1.png?fit=512%2C512&ssl=1","contentUrl":"https:\/\/i0.wp.com\/theworldinstamps.com\/wp-content\/uploads\/2020\/07\/Site_Icon5-1.png?fit=512%2C512&ssl=1","width":512,"height":512,"caption":"TWinSAdmin"},"logo":{"@id":"https:\/\/theworldinstamps.com\/#\/schema\/person\/image\/"},"sameAs":["https:\/\/www.facebook.com\/TheWorldInStamps","https:\/\/www.pinterest.fr\/safwanq\/","https:\/\/twitter.com\/https:\/\/twitter.com\/stamps_world"],"url":"https:\/\/theworldinstamps.com\/?author=1"}]}},"jetpack_featured_media_url":"https:\/\/i0.wp.com\/theworldinstamps.com\/wp-content\/uploads\/2021\/09\/Jordan-1983-Sabra-Shatila-YT-1092-96-icon.jpg?fit=1275%2C850&ssl=1","jetpack-related-posts":[{"id":2317,"url":"https:\/\/theworldinstamps.com\/?p=2317&lang=fr","url_meta":{"origin":5128,"position":0},"title":"Combattants Palestiniens de la Libert\u00e9 : Kuwait 1970","date":"May 16, 2020","format":false,"excerpt":"En 1970, le Kowe\u00eft a \u00e9mis une s\u00e9rie de trois timbres repr\u00e9sentant les combattants palestiniens de la libert\u00e9 et la mosqu\u00e9e Aqsa de J\u00e9rusalem.","rel":"","context":"In &quot;Koweit&quot;","img":{"alt_text":"Palestine Freedon Fighters","src":"https:\/\/i0.wp.com\/theworldinstamps.com\/wp-content\/uploads\/2020\/05\/Kuwait-1970-YT468_Icon1.jpg?fit=450%2C340&ssl=1&resize=350%2C200","width":350,"height":200},"classes":[]},{"id":7746,"url":"https:\/\/theworldinstamps.com\/?p=7746&lang=fr","url_meta":{"origin":5128,"position":1},"title":"La deuxi\u00e8me intifada palestinienne: Irak 2001","date":"July 31, 2022","format":false,"excerpt":"L'Irak a \u00e9mis des timbres-poste \u00e0 l'appui du 2\u00e8me soul\u00e8vement palestinien qui a commenc\u00e9 apr\u00e8s que Sharon a pris d'assaut la mosqu\u00e9e Al-Aqsa","rel":"","context":"In &quot;Irak&quot;","img":{"alt_text":"\u0627\u0644\u0637\u0641\u0644 \u0627\u0644\u0634\u0647\u064a\u062f \u0645\u062d\u0645\u062f \u0627\u0644\u062f\u0631\u0629","src":"https:\/\/i0.wp.com\/theworldinstamps.com\/wp-content\/uploads\/2019\/10\/Iraq-2001-Aldurrah-Sheet-2.jpg?fit=900%2C709&ssl=1&resize=350%2C200","width":350,"height":200},"classes":[]},{"id":2264,"url":"https:\/\/theworldinstamps.com\/?p=2264&lang=fr","url_meta":{"origin":5128,"position":2},"title":"L&#8217;Intifada Palestinienne: Soudan 2001","date":"April 1, 2020","format":false,"excerpt":"Le Soudan a \u00e9mis 3 timbres avec l'image de l'enfant Muhammad al-Durra, qui a \u00e9t\u00e9 tu\u00e9 par l'arm\u00e9e isra\u00e9lienne devant les cam\u00e9ras de t\u00e9l\u00e9vision.","rel":"","context":"In &quot;Palestine&quot;","img":{"alt_text":"","src":"https:\/\/i0.wp.com\/theworldinstamps.com\/wp-content\/uploads\/2019\/11\/Soudan-2000-Intifada_3c_Icon-1.jpg?fit=400%2C253&ssl=1&resize=350%2C200","width":350,"height":200},"classes":[]},{"id":1616,"url":"https:\/\/theworldinstamps.com\/?p=1616&lang=fr","url_meta":{"origin":5128,"position":3},"title":"Mauritanie 1981: La Bataille d&#8217;Al-Karameh","date":"January 19, 2020","format":false,"excerpt":"En 1981, la poste mauritanienne a \u00e9mis un timbre pour comm\u00e9morer la bataille d'Al-Karameh (la dignit\u00e9) qui a eu lieu le 21 mars 1968.Dans cette bataille, quelques dizaines de combattants de la r\u00e9sistance palestinienne et l'arm\u00e9e jordanienne ont r\u00e9ussi \u00e0 vaincre l'arm\u00e9e isra\u00e9lienne, qui a envahi certaines parties du nord\u2026","rel":"","context":"In &quot;Mauritanie&quot;","img":{"alt_text":"Mauritania-1981-Bataille Al-Karameh","src":"https:\/\/i0.wp.com\/theworldinstamps.com\/wp-content\/uploads\/2020\/01\/Mauritania-1981-Al-Karamah-Icon.jpg?fit=475%2C330&ssl=1&resize=350%2C200","width":350,"height":200},"classes":[]},{"id":2257,"url":"https:\/\/theworldinstamps.com\/?p=2257&lang=fr","url_meta":{"origin":5128,"position":4},"title":"Palestine 1976: Journ\u00e9e de la Terre 4\/4","date":"March 31, 2020","format":false,"excerpt":"Suite \u00e0 la confiscation des terres des palestiniens par les autorit\u00e9s isra\u00e9liennes, les citoyens arabes d'Isra\u00ebl ont appel\u00e9 \u00e0 \u00abLa Journ\u00e9e de la terre en Palestine\u00bb","rel":"","context":"In &quot;Palestine&quot;","img":{"alt_text":"","src":"https:\/\/i0.wp.com\/theworldinstamps.com\/wp-content\/uploads\/2020\/03\/Palestine-1976-LabdDay-4-Icon-1.jpg?fit=350%2C253&ssl=1&resize=350%2C200","width":350,"height":200},"classes":[]},{"id":2245,"url":"https:\/\/theworldinstamps.com\/?p=2245&lang=fr","url_meta":{"origin":5128,"position":5},"title":"Palestine 1976: Journ\u00e9e de la Terre 1\/4","date":"March 31, 2020","format":false,"excerpt":"Pour protester contre la confiscation de leurs terres par les autorit\u00e9s isra\u00e9liennes, les maires des villes arabes d'Isra\u00ebl ont appel\u00e9 \u00e0 une journ\u00e9e de gr\u00e8ve g\u00e9n\u00e9rale: \u00ab La Journ\u00e9e de la terre\u00bb.","rel":"","context":"In &quot;Palestine&quot;","img":{"alt_text":"Palestine-1976-LandDay-1","src":"https:\/\/i0.wp.com\/theworldinstamps.com\/wp-content\/uploads\/2020\/03\/Palestine-1976-LabdDay-1-Icon-1.jpg?fit=350%2C251&ssl=1&resize=350%2C200","width":350,"height":200},"classes":[]}],"_links":{"self":[{"href":"https:\/\/theworldinstamps.com\/index.php?rest_route=\/wp\/v2\/posts\/5128","targetHints":{"allow":["GET"]}}],"collection":[{"href":"https:\/\/theworldinstamps.com\/index.php?rest_route=\/wp\/v2\/posts"}],"about":[{"href":"https:\/\/theworldinstamps.com\/index.php?rest_route=\/wp\/v2\/types\/post"}],"author":[{"embeddable":true,"href":"https:\/\/theworldinstamps.com\/index.php?rest_route=\/wp\/v2\/users\/1"}],"replies":[{"embeddable":true,"href":"https:\/\/theworldinstamps.com\/index.php?rest_route=%2Fwp%2Fv2%2Fcomments&post=5128"}],"version-history":[{"count":11,"href":"https:\/\/theworldinstamps.com\/index.php?rest_route=\/wp\/v2\/posts\/5128\/revisions"}],"predecessor-version":[{"id":8304,"href":"https:\/\/theworldinstamps.com\/index.php?rest_route=\/wp\/v2\/posts\/5128\/revisions\/8304"}],"wp:featuredmedia":[{"embeddable":true,"href":"https:\/\/theworldinstamps.com\/index.php?rest_route=\/wp\/v2\/media\/5082"}],"wp:attachment":[{"href":"https:\/\/theworldinstamps.com\/index.php?rest_route=%2Fwp%2Fv2%2Fmedia&parent=5128"}],"wp:term":[{"taxonomy":"category","embeddable":true,"href":"https:\/\/theworldinstamps.com\/index.php?rest_route=%2Fwp%2Fv2%2Fcategories&post=5128"},{"taxonomy":"post_tag","embeddable":true,"href":"https:\/\/theworldinstamps.com\/index.php?rest_route=%2Fwp%2Fv2%2Ftags&post=5128"}],"curies":[{"name":"wp","href":"https:\/\/api.w.org\/{rel}","templated":true}]}}