{"id":6047,"date":"2022-02-12T06:44:53","date_gmt":"2022-02-12T03:44:53","guid":{"rendered":"http:\/\/theworldinstamps.com\/?p=6047"},"modified":"2023-01-06T20:49:39","modified_gmt":"2023-01-06T17:49:39","slug":"lannee-de-la-cooperation-internationale-sharjah-1965","status":"publish","type":"post","link":"https:\/\/theworldinstamps.com\/?p=6047&lang=fr","title":{"rendered":"L&#8217;ann\u00e9e de la coop\u00e9ration internationale : Sharjah 1965"},"content":{"rendered":"\t\t<div data-elementor-type=\"wp-post\" data-elementor-id=\"6047\" class=\"elementor elementor-6047\">\n\t\t\t\t\t\t\t\t\t<section class=\"elementor-section elementor-top-section elementor-element elementor-element-11d5f08 elementor-section-boxed elementor-section-height-default elementor-section-height-default\" data-id=\"11d5f08\" data-element_type=\"section\">\n\t\t\t\t\t\t<div class=\"elementor-container elementor-column-gap-default\">\n\t\t\t\t\t<div class=\"elementor-column elementor-col-100 elementor-top-column elementor-element elementor-element-1ea212b\" data-id=\"1ea212b\" data-element_type=\"column\">\n\t\t\t<div class=\"elementor-widget-wrap elementor-element-populated\">\n\t\t\t\t\t\t\t\t<div class=\"elementor-element elementor-element-ca68b58 elementor-widget elementor-widget-text-editor\" data-id=\"ca68b58\" data-element_type=\"widget\" data-widget_type=\"text-editor.default\">\n\t\t\t\t<div class=\"elementor-widget-container\">\n\t\t\t<style>\/*! elementor - v3.17.0 - 08-11-2023 *\/\n.elementor-widget-text-editor.elementor-drop-cap-view-stacked .elementor-drop-cap{background-color:#69727d;color:#fff}.elementor-widget-text-editor.elementor-drop-cap-view-framed .elementor-drop-cap{color:#69727d;border:3px solid;background-color:transparent}.elementor-widget-text-editor:not(.elementor-drop-cap-view-default) .elementor-drop-cap{margin-top:8px}.elementor-widget-text-editor:not(.elementor-drop-cap-view-default) .elementor-drop-cap-letter{width:1em;height:1em}.elementor-widget-text-editor .elementor-drop-cap{float:right;text-align:center;line-height:1;font-size:50px}.elementor-widget-text-editor .elementor-drop-cap-letter{display:inline-block}<\/style>\t\t\t\t<p>Les Nations Unies ont d\u00e9clar\u00e9 1965 comme l&#8217;ann\u00e9e de la coop\u00e9ration internationale. De nombreux pays ont \u00e9mis des timbres \u00e0 cette occasion.\u00a0<a style=\"background-color: #ffffff;\" href=\"https:\/\/fr.wikipedia.org\/wiki\/Charjah_(ville)\" target=\"_blank\" rel=\"noopener\">L&#8217;\u00e9mirat de Sharjah<\/a>\u00a0a \u00e9mis une s\u00e9rie de 8 timbres avec des photos des dirigeants mondiaux de l&#8217;\u00e9poque. Le coin sup\u00e9rieur droit des timbres pr\u00e9sente la photo du <a style=\"background-color: #ffffff;\" href=\"https:\/\/www.na.ae\/en\/ourtresure\/ff_khalid.aspx\">cheikh Khalid Bin Mohammed Al Qasimi<\/a>, prince de Sharjah.<\/p><h2>Le Pape Paul VI<\/h2><p>Le Pape Paul VI, (1897-1978) \u00e9tait le chef de l&#8217;\u00e9glise catholique entre 1963 et 1978. Il \u00e9tait un citoyen italien, initialement nomm\u00e9 Giovanni Battista Montini. Avant son pontificat, Montini \u00e9tait largement consid\u00e9r\u00e9 comme un membre progressiste de la hi\u00e9rarchie catholique.<\/p><p>Au cours de son pontificat, Paul VI s&#8217;est efforc\u00e9 de r\u00e9duire les tensions entre l&#8217;\u00c9glise de Rome et les autres \u00c9glises et confessions. Il a entrepris des visites dans de nombreux pays de tous les continents, rencontrant des personnes de toutes confessions. Son premier voyage fut\u00a0<a href=\"https:\/\/theworldinstamps.com\/?p=1669&amp;lang=fr\" target=\"_blank\" rel=\"noopener\">un p\u00e8lerinage en Terre Sainte (janvier 1964)<\/a>, qu&#8217;il a commenc\u00e9\u00a0a\u00a0<a href=\"https:\/\/theworldinstamps.com\/?p=2638&amp;lang=fr\" target=\"_blank\" rel=\"noopener\">Amman en Jordanie<\/a>\u00a0o\u00f9\u00a0il a rencontr\u00e9\u00a0<a href=\"https:\/\/fr.wikipedia.org\/wiki\/Hussein_(roi_de_Jordanie)\" target=\"_blank\" rel=\"noopener\">le roi Hussein de Jordanie<\/a>. Il a ensuite voyag\u00e9\u00a0par la route a Jerusalem o\u00f9 il a rencontr\u00e9 le patriarche grec orthodoxe de Constantinople. Il est devenu le premier pape \u00e0 visiter l&#8217;Asie en commen\u00e7ant par l&#8217;Inde en 1964. Il a ensuite visit\u00e9 des pays \u00e0 majorit\u00e9 musulmane tels que la Jordanie, la Turquie, l&#8217;Iran, le Pakistan, l&#8217;Indon\u00e9sie et d&#8217;autres. En 1967, il a lanc\u00e9 un appel \u00e9mouvant pour la paix lors d&#8217;une session sp\u00e9ciale de l&#8217;Assembl\u00e9e g\u00e9n\u00e9rale des Nations Unies \u00e0 New York.<\/p><p>Au cours de tous ses voyages, le pape Paul VI a plaid\u00e9 pour la paix mondiale, la justice sociale, la lutte contre la faim et l&#8217;analphab\u00e9tisme dans le monde, la fraternit\u00e9 sous Dieu et la coop\u00e9ration internationale.<\/p><figure id=\"attachment_5880\" aria-describedby=\"caption-attachment-5880\" style=\"width: 500px\" class=\"wp-caption aligncenter\"><a href=\"https:\/\/i0.wp.com\/theworldinstamps.com\/wp-content\/uploads\/2022\/02\/Sharjah-1966-YT-141.jpg\"><img loading=\"lazy\" decoding=\"async\" src=\"https:\/\/i0.wp.com\/theworldinstamps.com\/wp-content\/uploads\/2022\/02\/Sharjah-1966-YT-141-300x190.jpg?resize=500%2C316\" alt=\"Pope Paul IV \" width=\"500\" height=\"316\" data-recalc-dims=\"1\" \/><\/a><figcaption id=\"caption-attachment-5880\" class=\"wp-caption-text\">\u00a0Le pape Paul VI &#8211; Sharjah-1966-YT-141<\/figcaption><\/figure><h2>Roi Faisal bin Abdulaziz d&#8217;Arabie Saoudite<\/h2><p><a style=\"background-color: #ffffff;\" href=\"https:\/\/theworldinstamps.com\/?p=3303&amp;lang=fr\" target=\"_blank\" rel=\"noopener\">Le roi Faisal bin Abdulaziz Al Saud<\/a>\u00a0est le troisi\u00e8me roi du Royaume d&#8217;Arabie saoudite. Il a pris le pouvoir en 1964 apr\u00e8s son p\u00e8re, le roi Abdulaziz Al Saud, le fondateur du Royaume, et son fr\u00e8re le roi Saud bin Abdul Aziz.<\/p><p>Le r\u00e8gne du roi Faisal d&#8217;<a href=\"https:\/\/theworldinstamps.com\/?p=2549&amp;lang=fr\" target=\"_blank\" rel=\"noopener\">Arabie saoudite<\/a>\u00a0a \u00e9t\u00e9 marqu\u00e9 par une p\u00e9riode de d\u00e9veloppement \u00e9conomique, car le roi a jou\u00e9 un r\u00f4le important pour sortir le royaume de ses difficult\u00e9s financi\u00e8res. Le roi Faisal A jou\u00e9 un r\u00f4le distingu\u00e9 sur la sc\u00e8ne internationale en tant que l&#8217;un des dirigeants arabes et musulmans les plus importants de son \u00e9poque. Sous son r\u00e8gne, le royaume d&#8217;Arabie Saoudite a d\u00e9velopp\u00e9\u00a0la coop\u00e9ration r\u00e9gionale et internationale.<\/p><figure id=\"attachment_5881\" aria-describedby=\"caption-attachment-5881\" style=\"width: 500px\" class=\"wp-caption aligncenter\"><a style=\"background-color: #ffffff;\" href=\"https:\/\/i0.wp.com\/theworldinstamps.com\/wp-content\/uploads\/2022\/02\/Sharjah-1966-YT-142.jpg\"><img loading=\"lazy\" decoding=\"async\" src=\"https:\/\/i0.wp.com\/theworldinstamps.com\/wp-content\/uploads\/2022\/02\/Sharjah-1966-YT-142-300x189.jpg?resize=500%2C316\" alt=\"King Faysal bin Abdulaziz of Saudi Arabia\" width=\"500\" height=\"316\" data-recalc-dims=\"1\" \/><\/a><figcaption id=\"caption-attachment-5881\" class=\"wp-caption-text\">Roi Faisal\u00a0bin Abdulaziz d&#8217;Arabie Saudite &#8211; Sharjah-1966-YT-142<\/figcaption><\/figure><h2>Cheikh Issa bin Salman Al Khalifa de Bahre\u00efn<\/h2><p>Cheikh Issa Al Khalifa a \u00e9t\u00e9 le premier \u00e9mir de Bahre\u00efn de 1961 jusqu&#8217;\u00e0 sa mort en 1999. N\u00e9 \u00e0 Jasra, Bahre\u00efn, il est devenu \u00e9mir \u00e0 la mort de son p\u00e8re, Salman bin Hamad Al Khalifa. Pendant son r\u00e8gne, Bahre\u00efn a obtenu son ind\u00e9pendance du Royaume-Uni en 1971.<\/p><figure id=\"attachment_5882\" aria-describedby=\"caption-attachment-5882\" style=\"width: 500px\" class=\"wp-caption aligncenter\"><a href=\"https:\/\/i0.wp.com\/theworldinstamps.com\/wp-content\/uploads\/2022\/02\/Sharjah-1966-YT-143.jpg\"><img loading=\"lazy\" decoding=\"async\" src=\"https:\/\/i0.wp.com\/theworldinstamps.com\/wp-content\/uploads\/2022\/02\/Sharjah-1966-YT-143.jpg?resize=500%2C315\" alt=\"Shaikh Issa bin Sulaiman Al-Khalifa of Bahrain\" width=\"500\" height=\"315\" data-recalc-dims=\"1\" \/><\/a><figcaption id=\"caption-attachment-5882\" class=\"wp-caption-text\">\u00a0<span style=\"letter-spacing: 0.5px;\">Cheikh Issa Al Khalifa<\/span>\u00a0Al Khalifa, Emir du\u00a0<span style=\"letter-spacing: 0.5px;\">Bahre\u00efn\u00a0<\/span>&#8211; Sharjah-1966-YT-143<\/figcaption><\/figure><h2>Pr\u00e9sident de la France, Charles de Gaulle<\/h2><p>Charles de Gaulle, (1890 &#8211; 1970), est un officier fran\u00e7ais, \u00e9crivain, homme d&#8217;\u00c9tat et architecte de la Ve R\u00e9publique fran\u00e7aise. Il a \u00e9t\u00e9 pr\u00e9sident de la France entre 1959 et 1969.<\/p><p>De Gaulle a dirig\u00e9\u00a0la r\u00e9sistance fran\u00e7aise contre l&#8217;occupation nazie, a cr\u00e9\u00e9\u00a0les Forces fran\u00e7aises libres, puis a dirig\u00e9\u00a0le Comit\u00e9 fran\u00e7ais de lib\u00e9ration nationale. Apr\u00e8s la lib\u00e9ration, il devint Premier ministre de la France mais d\u00e9missionna en 1946. Il resta hors du pouvoir jusqu&#8217;en 1958. Apr\u00e8s l&#8217;instabilit\u00e9 int\u00e9rieure \u00e0 laquelle la France \u00e9tait confront\u00e9e, \u00e0 cause de\u00a0<a href=\"https:\/\/theworldinstamps.com\/?p=1899&amp;lang=fr\" target=\"_blank\" rel=\"noopener\">la r\u00e9volution alg\u00e9rienne<\/a>\u00a0qui commen\u00e7a en 1954, De Gaulle fut d\u00e9sign\u00e9 Premier ministre. Quelques mois plus tard, il a \u00e9t\u00e9 \u00e9lu pr\u00e9sident en d\u00e9cembre 1958.<\/p><p>Dans les deux ann\u00e9es qui suivirent son retour au pouvoir, De Gaulle mit fin \u00e0 la plupart des colonies fran\u00e7aises en Afrique. En 1962, il a organis\u00e9\u00a0un r\u00e9f\u00e9rendum qui a aboutit \u00e0\u00a0<a href=\"https:\/\/theworldinstamps.com\/?p=1868&amp;lang=fr\" target=\"_blank\" rel=\"noopener\">l&#8217;ind\u00e9pendance de l&#8217;Alg\u00e9rie<\/a>.<\/p><p>De Gaulle a jou\u00e9 un r\u00f4le important dans l&#8217;histoire de la France moderne. Sous sa pr\u00e9sidence, la France a modernis\u00e9\u00a0ses institutions et son \u00e9conomie et s&#8217;est impliqu\u00e9\u00a0davantage dans la construction europ\u00e9enne. La politique internationale fran\u00e7aise \u00e9tait plus \u00e9quilibr\u00e9e vis-\u00e0-vis du conflit isra\u00e9lo-arabe et recherchait plus d&#8217;ind\u00e9pendance vis-\u00e0-vis de la politique \u00e9trang\u00e8re de l&#8217;OTAN et des \u00c9tats-Unis.<\/p><figure id=\"attachment_5883\" aria-describedby=\"caption-attachment-5883\" style=\"width: 500px\" class=\"wp-caption aligncenter\"><a href=\"https:\/\/i0.wp.com\/theworldinstamps.com\/wp-content\/uploads\/2022\/02\/Sharjah-1966-YT-144.jpg\"><img loading=\"lazy\" decoding=\"async\" src=\"https:\/\/i0.wp.com\/theworldinstamps.com\/wp-content\/uploads\/2022\/02\/Sharjah-1966-YT-144.jpg?resize=500%2C316\" alt=\"President of France, Charles De Gaulle\" width=\"500\" height=\"316\" data-recalc-dims=\"1\" \/><\/a><figcaption id=\"caption-attachment-5883\" class=\"wp-caption-text\">\u00a0Pr\u00e9sident de la France, Charles de Gaulle\u00a0&#8211; Sharjah-1966-YT-144<\/figcaption><\/figure><h2>Pr\u00e9sident des \u00c9tats-Unis d&#8217;Am\u00e9rique, Lyndon B. Johnson<\/h2><p>Lyndon Baines Johnson (1908 &#8211; 1973), homme politique du Texas. Il est devenu le 36e pr\u00e9sident des \u00c9tats-Unis de 1963 \u00e0 1969. Il avait auparavant \u00e9t\u00e9 le 37e vice-pr\u00e9sident de 1961 \u00e0 1963 sous le pr\u00e9sident John F. Kennedy, qui a \u00e9t\u00e9\u00a0<a href=\"https:\/\/fr.wikipedia.org\/wiki\/Assassinat_de_John_F._Kennedy\" target=\"_blank\" rel=\"noopener\">assassin\u00e9e en novembre 1963 \u00e0 Dallas<\/a>.<\/p><p>Le pr\u00e9sident Johnson a laiss\u00e9 un h\u00e9ritage positif dans le domaine de la guerre contre la pauvret\u00e9, la d\u00e9fense des droits civils et l&#8217;\u00e9limination de la discrimination contre les minorit\u00e9s et les Afro-Am\u00e9ricains. Pendant le mandat du pr\u00e9sident Kennedy, Johnson a recommand\u00e9\u00a0<a href=\"https:\/\/fr.wikipedia.org\/wiki\/Programme_Apollo\" target=\"_blank\" rel=\"noopener\">le projet d&#8217;atterrir un Am\u00e9ricain sur la Lune dans les ann\u00e9es 1960<\/a>. L&#8217;issue d\u00e9vastatrice de la guerre du Vietnam a assombri l&#8217;h\u00e9ritage de Johnson.<\/p><figure id=\"attachment_5884\" aria-describedby=\"caption-attachment-5884\" style=\"width: 500px\" class=\"wp-caption aligncenter\"><a style=\"background-color: #ffffff;\" href=\"https:\/\/i0.wp.com\/theworldinstamps.com\/wp-content\/uploads\/2022\/02\/Sharjah-1966-YT-145.jpg\"><img loading=\"lazy\" decoding=\"async\" src=\"https:\/\/i0.wp.com\/theworldinstamps.com\/wp-content\/uploads\/2022\/02\/Sharjah-1966-YT-145.jpg?resize=500%2C315\" alt=\"President of the USA, Lyndon B. Johnson\" width=\"500\" height=\"315\" data-recalc-dims=\"1\" \/><\/a><figcaption id=\"caption-attachment-5884\" class=\"wp-caption-text\">Pr\u00e9sident des \u00c9tats-Unis d&#8217;Am\u00e9rique, Lyndon B. Johnson, Sharjah-1966-YT-145<\/figcaption><\/figure><h2>Pr\u00e9sident de l&#8217;Egypte, Gamal Abdel Nasser<\/h2><p><a style=\"background-color: #ffffff;\" href=\"https:\/\/theworldinstamps.com\/?p=2952&amp;lang=fr\" target=\"_blank\" rel=\"noopener\">Le pr\u00e9sident Gamal Abdel Nasser (15 janvier 1918 &#8211; 28 septembre 1970)<\/a>\u00a0\u00e9tait un officier \u00e9gyptien qui a dirig\u00e9\u00a0<a style=\"background-color: #ffffff;\" href=\"https:\/\/theworldinstamps.com\/?p=2902\" target=\"_blank\" rel=\"noopener\">la r\u00e9volution de juillet 1952<\/a>\u00a0qui a mis fin \u00e0 la monarchie en \u00c9gypte et \u00e9tabli la r\u00e9publique.<\/p><p>Il a \u00e9t\u00e9 le deuxi\u00e8me pr\u00e9sident \u00e9gyptien de 1964 jusqu&#8217;\u00e0 sa mort en 1970. Il a dirig\u00e9 une grande transformation de la soci\u00e9t\u00e9 \u00e9gyptienne et du monde arabe. Sous sa pr\u00e9sidence, l&#8217;\u00c9gypte a jou\u00e9 un r\u00f4le r\u00e9gional et international important \u00e0 travers\u00a0<a href=\"https:\/\/www.universalis.fr\/encyclopedie\/ligue-arabe-ligue-des-etats-arabes\/\" target=\"_blank\" rel=\"noopener\">la Ligue des \u00c9tats arabes<\/a>,\u00a0<a href=\"https:\/\/au.int\/fr\/appercu\" target=\"_blank\" rel=\"noopener\">l&#8217;Organisation de l&#8217;unit\u00e9 africaine<\/a>\u00a0et <a href=\"https:\/\/www.universalis.fr\/encyclopedie\/decolonisation-et-non-alignement-reperes-chronologiques\/\">le mouvement des non-align\u00e9s<\/a>.<\/p><figure id=\"attachment_5877\" aria-describedby=\"caption-attachment-5877\" style=\"width: 500px\" class=\"wp-caption aligncenter\"><a href=\"https:\/\/i0.wp.com\/theworldinstamps.com\/wp-content\/uploads\/2022\/02\/Sharjah-1966-YT-146.jpg\"><img loading=\"lazy\" decoding=\"async\" src=\"https:\/\/i0.wp.com\/theworldinstamps.com\/wp-content\/uploads\/2022\/02\/Sharjah-1966-YT-146.jpg?resize=500%2C317\" alt=\"President of Egypt, Gamal Abdel Nasser\" width=\"500\" height=\"317\" data-recalc-dims=\"1\" \/><\/a><figcaption id=\"caption-attachment-5877\" class=\"wp-caption-text\">Pr\u00e9sident de l&#8217;Egypte, Gamal Abdel Nasser, Sharjah-1966-YT-146<\/figcaption><\/figure><h2>Premier ministre du Royaume-Uni, Harold Wilson<\/h2><div><a style=\"background-color: #ffffff;\" href=\"https:\/\/www.universalis.fr\/encyclopedie\/james-harold-wilson\/\" target=\"_blank\" rel=\"noopener\">James Harold Wilson (1916 &#8211; 1995)<\/a>a \u00e9t\u00e9 premier ministre du Royaume-Uni \u00e0 deux reprises, entre 1964 et 1970, puis de 1974 \u00e0 1976. Il a \u00e9t\u00e9 le chef du parti travailliste de 1963 \u00e0 1976 et un d\u00e9put\u00e9 au parlement britannique pendant environ 40 ans.<\/div><p>Le gouvernement Wilson \u00e9tait attach\u00e9 aux services sociaux et au bien-\u00eatre public. Le milieu des ann\u00e9es soixante est consid\u00e9r\u00e9 comme \u00ab l&#8217;\u00e2ge d&#8217;or \u00bb de l&#8217;\u00c9tat-providence en Grande-Bretagne.<\/p><div><figure id=\"attachment_5878\" aria-describedby=\"caption-attachment-5878\" style=\"width: 500px\" class=\"wp-caption aligncenter\"><a href=\"https:\/\/i0.wp.com\/theworldinstamps.com\/wp-content\/uploads\/2022\/02\/Sharjah-1966-YT-147.jpg\"><img loading=\"lazy\" decoding=\"async\" src=\"https:\/\/i0.wp.com\/theworldinstamps.com\/wp-content\/uploads\/2022\/02\/Sharjah-1966-YT-147.jpg?resize=500%2C315\" alt=\"Prime Minister of the United Kingdom, Harold Wilson\" width=\"500\" height=\"315\" data-recalc-dims=\"1\" \/><\/a><figcaption id=\"caption-attachment-5878\" class=\"wp-caption-text\">Premier ministre du Royaume-Uni, Harold Wilson, Sharjah-1966-YT-147<\/figcaption><\/figure><h2>Chancelier de l&#8217;Allemagne de l&#8217;Ouest, Ludwig Erhard<\/h2><div><a style=\"background-color: #ffffff;\" href=\"https:\/\/www.universalis.fr\/encyclopedie\/ludwig-erhard\/\" target=\"_blank\" rel=\"noopener\">Ludwig Wilhelm Erhard (1897 &#8211; 1977)<\/a>\u00a0\u00e9tait un homme politique allemand affili\u00e9 \u00e0 l&#8217;Union chr\u00e9tienne-d\u00e9mocrate (CDU) et chancelier de l&#8217;Allemagne de l&#8217;Ouest de 1963 \u00e0 1966.\u00a0<\/div><div>Malgr\u00e9 son h\u00e9ritage positif en tant que ministre des Affaires \u00e9conomiques sous le chancelier Konrad Adenauer apr\u00e8s la Seconde Guerre mondiale, il n&#8217;a pas \u00e9t\u00e9 un couronn\u00e9 de succ\u00e8s comme chancelier\u00a0. Il n&#8217;a pas r\u00e9ussi \u00e0 obtenir le soutien de son propre parti et n&#8217;a pas r\u00e9ussi \u00e0 gagner la confiance du public. Suite \u00e0 la chute de sa popularit\u00e9, il a \u00e9t\u00e9\u00a0contraint de d\u00e9missionner en novembre 1966.<\/div><figure id=\"attachment_5879\" aria-describedby=\"caption-attachment-5879\" style=\"width: 500px\" class=\"wp-caption aligncenter\"><a href=\"https:\/\/i0.wp.com\/theworldinstamps.com\/wp-content\/uploads\/2022\/02\/Sharjah-1966-YT-148.jpg\"><img loading=\"lazy\" decoding=\"async\" src=\"https:\/\/i0.wp.com\/theworldinstamps.com\/wp-content\/uploads\/2022\/02\/Sharjah-1966-YT-148.jpg?resize=500%2C316\" alt=\"Chancellor of West Germany, Ludwig Erhard\" width=\"500\" height=\"316\" data-recalc-dims=\"1\" \/><\/a><figcaption id=\"caption-attachment-5879\" class=\"wp-caption-text\">Chancelier de l&#8217;Allemagne de l&#8217;Ouest, Ludwig Erhard, Sharjah-1966-YT-148<\/figcaption><\/figure><div><div><p><b>R\u00e9f\u00e9rence catalogue <\/b>pour les timbres de<b>\u00a0<\/b>l&#8217;ann\u00e9e de la coop\u00e9ration internationale<b>:<\/b> Yvert &amp; Tellier 141 to 148.\u00a0<\/p><div>\u00a0<\/div><\/div><\/div><\/div>\t\t\t\t\t\t<\/div>\n\t\t\t\t<\/div>\n\t\t\t\t\t<\/div>\n\t\t<\/div>\n\t\t\t\t\t\t\t<\/div>\n\t\t<\/section>\n\t\t\t\t\t\t\t<\/div>\n\t\t","protected":false},"excerpt":{"rendered":"<p>Les Nations Unies ont d\u00e9clar\u00e9 1965 ann\u00e9e de la coop\u00e9ration internationale. Sharjah a \u00e9mis 8 timbres \u00e0 l&#8217;effigie de chefs d&#8217;etats de l&#8217;\u00e9poque.<\/p>\n","protected":false},"author":1,"featured_media":5490,"comment_status":"open","ping_status":"open","sticky":true,"template":"","format":"standard","meta":{"om_disable_all_campaigns":false,"_monsterinsights_skip_tracking":false,"_monsterinsights_sitenote_active":false,"_monsterinsights_sitenote_note":"","_monsterinsights_sitenote_category":0,"_uf_show_specific_survey":0,"_uf_disable_surveys":false,"footnotes":""},"categories":[915],"tags":[839,843,844,842],"class_list":["post-6047","post","type-post","status-publish","format-standard","has-post-thumbnail","hentry","category-emirats-arabes-unis","tag-cooperation-internationale","tag-nations-unies","tag-personalites","tag-portraits"],"yoast_head":"<!-- This site is optimized with the Yoast SEO plugin v20.7 - https:\/\/yoast.com\/wordpress\/plugins\/seo\/ -->\n<title>L&#039;ann\u00e9e de la coop\u00e9ration internationale : Sharjah 1965 : The World In Stamps<\/title>\n<meta name=\"description\" content=\"Les Nations Unies ont d\u00e9clar\u00e9 1965 ann\u00e9e de la coop\u00e9ration internationale. Sharjah a \u00e9mis 8 timbres \u00e0 l&#039;effigie de chefs d&#039;etats de l&#039;\u00e9poque.\" \/>\n<meta name=\"robots\" content=\"index, follow, max-snippet:-1, max-image-preview:large, max-video-preview:-1\" \/>\n<link rel=\"canonical\" href=\"https:\/\/theworldinstamps.com\/?p=6047&lang=fr\" \/>\n<meta property=\"og:locale\" content=\"en_US\" \/>\n<meta property=\"og:type\" content=\"article\" \/>\n<meta property=\"og:title\" content=\"L&#039;ann\u00e9e de la coop\u00e9ration internationale : Sharjah 1965 : The World In Stamps\" \/>\n<meta property=\"og:description\" content=\"Les Nations Unies ont d\u00e9clar\u00e9 1965 ann\u00e9e de la coop\u00e9ration internationale. Sharjah a \u00e9mis 8 timbres \u00e0 l&#039;effigie de chefs d&#039;etats de l&#039;\u00e9poque.\" \/>\n<meta property=\"og:url\" content=\"https:\/\/theworldinstamps.com\/?p=6047&amp;lang=fr\" \/>\n<meta property=\"og:site_name\" content=\"The World In Stamps\" \/>\n<meta property=\"article:publisher\" content=\"https:\/\/www.facebook.com\/TheWorldInStamps\" \/>\n<meta property=\"article:author\" content=\"https:\/\/www.facebook.com\/TheWorldInStamps\" \/>\n<meta property=\"article:published_time\" content=\"2022-02-12T03:44:53+00:00\" \/>\n<meta property=\"article:modified_time\" content=\"2023-01-06T17:49:39+00:00\" \/>\n<meta property=\"og:image\" content=\"https:\/\/theworldinstamps.com\/wp-content\/uploads\/2021\/10\/Sharjah-1965-Year_of_international_Cooperation.jpg\" \/>\n\t<meta property=\"og:image:width\" content=\"1200\" \/>\n\t<meta property=\"og:image:height\" content=\"628\" \/>\n\t<meta property=\"og:image:type\" content=\"image\/jpeg\" \/>\n<meta name=\"author\" content=\"TWinSAdmin\" \/>\n<meta name=\"twitter:card\" content=\"summary_large_image\" \/>\n<meta name=\"twitter:creator\" content=\"@https:\/\/twitter.com\/stamps_world\" \/>\n<meta name=\"twitter:site\" content=\"@stamps_world\" \/>\n<meta name=\"twitter:label1\" content=\"Written by\" \/>\n\t<meta name=\"twitter:data1\" content=\"TWinSAdmin\" \/>\n\t<meta name=\"twitter:label2\" content=\"Est. reading time\" \/>\n\t<meta name=\"twitter:data2\" content=\"7 minutes\" \/>\n<script type=\"application\/ld+json\" class=\"yoast-schema-graph\">{\"@context\":\"https:\/\/schema.org\",\"@graph\":[{\"@type\":\"Article\",\"@id\":\"https:\/\/theworldinstamps.com\/?p=6047&lang=fr#article\",\"isPartOf\":{\"@id\":\"https:\/\/theworldinstamps.com\/?p=6047&lang=fr\"},\"author\":{\"name\":\"TWinSAdmin\",\"@id\":\"https:\/\/theworldinstamps.com\/#\/schema\/person\/c0611d31792a5362356c7b1e1c4a0f17\"},\"headline\":\"L&#8217;ann\u00e9e de la coop\u00e9ration internationale : Sharjah 1965\",\"datePublished\":\"2022-02-12T03:44:53+00:00\",\"dateModified\":\"2023-01-06T17:49:39+00:00\",\"mainEntityOfPage\":{\"@id\":\"https:\/\/theworldinstamps.com\/?p=6047&lang=fr\"},\"wordCount\":1301,\"commentCount\":0,\"publisher\":{\"@id\":\"https:\/\/theworldinstamps.com\/#\/schema\/person\/c0611d31792a5362356c7b1e1c4a0f17\"},\"keywords\":[\"Coop\u00e9ration internationale\",\"Nations Unies\",\"personalites\",\"Portraits\"],\"articleSection\":[\"Emirats Arabes Unis\"],\"inLanguage\":\"en-US\",\"potentialAction\":[{\"@type\":\"CommentAction\",\"name\":\"Comment\",\"target\":[\"https:\/\/theworldinstamps.com\/?p=6047&lang=fr#respond\"]}]},{\"@type\":\"WebPage\",\"@id\":\"https:\/\/theworldinstamps.com\/?p=6047&lang=fr\",\"url\":\"https:\/\/theworldinstamps.com\/?p=6047&lang=fr\",\"name\":\"L'ann\u00e9e de la coop\u00e9ration internationale : Sharjah 1965 : The World In Stamps\",\"isPartOf\":{\"@id\":\"https:\/\/theworldinstamps.com\/#website\"},\"datePublished\":\"2022-02-12T03:44:53+00:00\",\"dateModified\":\"2023-01-06T17:49:39+00:00\",\"description\":\"Les Nations Unies ont d\u00e9clar\u00e9 1965 ann\u00e9e de la coop\u00e9ration internationale. Sharjah a \u00e9mis 8 timbres \u00e0 l'effigie de chefs d'etats de l'\u00e9poque.\",\"breadcrumb\":{\"@id\":\"https:\/\/theworldinstamps.com\/?p=6047&lang=fr#breadcrumb\"},\"inLanguage\":\"en-US\",\"potentialAction\":[{\"@type\":\"ReadAction\",\"target\":[\"https:\/\/theworldinstamps.com\/?p=6047&lang=fr\"]}]},{\"@type\":\"BreadcrumbList\",\"@id\":\"https:\/\/theworldinstamps.com\/?p=6047&lang=fr#breadcrumb\",\"itemListElement\":[{\"@type\":\"ListItem\",\"position\":1,\"name\":\"Home\",\"item\":\"https:\/\/theworldinstamps.com\/?lang=ar\"},{\"@type\":\"ListItem\",\"position\":2,\"name\":\"L&#8217;ann\u00e9e de la coop\u00e9ration internationale : Sharjah 1965\"}]},{\"@type\":\"WebSite\",\"@id\":\"https:\/\/theworldinstamps.com\/#website\",\"url\":\"https:\/\/theworldinstamps.com\/\",\"name\":\"The World In Stamps\",\"description\":\"A journey in a stamps collection\",\"publisher\":{\"@id\":\"https:\/\/theworldinstamps.com\/#\/schema\/person\/c0611d31792a5362356c7b1e1c4a0f17\"},\"potentialAction\":[{\"@type\":\"SearchAction\",\"target\":{\"@type\":\"EntryPoint\",\"urlTemplate\":\"https:\/\/theworldinstamps.com\/?s={search_term_string}\"},\"query-input\":\"required name=search_term_string\"}],\"inLanguage\":\"en-US\"},{\"@type\":[\"Person\",\"Organization\"],\"@id\":\"https:\/\/theworldinstamps.com\/#\/schema\/person\/c0611d31792a5362356c7b1e1c4a0f17\",\"name\":\"TWinSAdmin\",\"image\":{\"@type\":\"ImageObject\",\"inLanguage\":\"en-US\",\"@id\":\"https:\/\/theworldinstamps.com\/#\/schema\/person\/image\/\",\"url\":\"https:\/\/i0.wp.com\/theworldinstamps.com\/wp-content\/uploads\/2020\/07\/Site_Icon5-1.png?fit=512%2C512&ssl=1\",\"contentUrl\":\"https:\/\/i0.wp.com\/theworldinstamps.com\/wp-content\/uploads\/2020\/07\/Site_Icon5-1.png?fit=512%2C512&ssl=1\",\"width\":512,\"height\":512,\"caption\":\"TWinSAdmin\"},\"logo\":{\"@id\":\"https:\/\/theworldinstamps.com\/#\/schema\/person\/image\/\"},\"sameAs\":[\"https:\/\/www.facebook.com\/TheWorldInStamps\",\"https:\/\/www.pinterest.fr\/safwanq\/\",\"https:\/\/twitter.com\/https:\/\/twitter.com\/stamps_world\"],\"url\":\"https:\/\/theworldinstamps.com\/?author=1\"}]}<\/script>\n<!-- \/ Yoast SEO plugin. -->","yoast_head_json":{"title":"L'ann\u00e9e de la coop\u00e9ration internationale : Sharjah 1965 : The World In Stamps","description":"Les Nations Unies ont d\u00e9clar\u00e9 1965 ann\u00e9e de la coop\u00e9ration internationale. Sharjah a \u00e9mis 8 timbres \u00e0 l'effigie de chefs d'etats de l'\u00e9poque.","robots":{"index":"index","follow":"follow","max-snippet":"max-snippet:-1","max-image-preview":"max-image-preview:large","max-video-preview":"max-video-preview:-1"},"canonical":"https:\/\/theworldinstamps.com\/?p=6047&lang=fr","og_locale":"en_US","og_type":"article","og_title":"L'ann\u00e9e de la coop\u00e9ration internationale : Sharjah 1965 : The World In Stamps","og_description":"Les Nations Unies ont d\u00e9clar\u00e9 1965 ann\u00e9e de la coop\u00e9ration internationale. Sharjah a \u00e9mis 8 timbres \u00e0 l'effigie de chefs d'etats de l'\u00e9poque.","og_url":"https:\/\/theworldinstamps.com\/?p=6047&lang=fr","og_site_name":"The World In Stamps","article_publisher":"https:\/\/www.facebook.com\/TheWorldInStamps","article_author":"https:\/\/www.facebook.com\/TheWorldInStamps","article_published_time":"2022-02-12T03:44:53+00:00","article_modified_time":"2023-01-06T17:49:39+00:00","og_image":[{"width":1200,"height":628,"url":"https:\/\/theworldinstamps.com\/wp-content\/uploads\/2021\/10\/Sharjah-1965-Year_of_international_Cooperation.jpg","type":"image\/jpeg"}],"author":"TWinSAdmin","twitter_card":"summary_large_image","twitter_creator":"@https:\/\/twitter.com\/stamps_world","twitter_site":"@stamps_world","twitter_misc":{"Written by":"TWinSAdmin","Est. reading time":"7 minutes"},"schema":{"@context":"https:\/\/schema.org","@graph":[{"@type":"Article","@id":"https:\/\/theworldinstamps.com\/?p=6047&lang=fr#article","isPartOf":{"@id":"https:\/\/theworldinstamps.com\/?p=6047&lang=fr"},"author":{"name":"TWinSAdmin","@id":"https:\/\/theworldinstamps.com\/#\/schema\/person\/c0611d31792a5362356c7b1e1c4a0f17"},"headline":"L&#8217;ann\u00e9e de la coop\u00e9ration internationale : Sharjah 1965","datePublished":"2022-02-12T03:44:53+00:00","dateModified":"2023-01-06T17:49:39+00:00","mainEntityOfPage":{"@id":"https:\/\/theworldinstamps.com\/?p=6047&lang=fr"},"wordCount":1301,"commentCount":0,"publisher":{"@id":"https:\/\/theworldinstamps.com\/#\/schema\/person\/c0611d31792a5362356c7b1e1c4a0f17"},"keywords":["Coop\u00e9ration internationale","Nations Unies","personalites","Portraits"],"articleSection":["Emirats Arabes Unis"],"inLanguage":"en-US","potentialAction":[{"@type":"CommentAction","name":"Comment","target":["https:\/\/theworldinstamps.com\/?p=6047&lang=fr#respond"]}]},{"@type":"WebPage","@id":"https:\/\/theworldinstamps.com\/?p=6047&lang=fr","url":"https:\/\/theworldinstamps.com\/?p=6047&lang=fr","name":"L'ann\u00e9e de la coop\u00e9ration internationale : Sharjah 1965 : The World In Stamps","isPartOf":{"@id":"https:\/\/theworldinstamps.com\/#website"},"datePublished":"2022-02-12T03:44:53+00:00","dateModified":"2023-01-06T17:49:39+00:00","description":"Les Nations Unies ont d\u00e9clar\u00e9 1965 ann\u00e9e de la coop\u00e9ration internationale. Sharjah a \u00e9mis 8 timbres \u00e0 l'effigie de chefs d'etats de l'\u00e9poque.","breadcrumb":{"@id":"https:\/\/theworldinstamps.com\/?p=6047&lang=fr#breadcrumb"},"inLanguage":"en-US","potentialAction":[{"@type":"ReadAction","target":["https:\/\/theworldinstamps.com\/?p=6047&lang=fr"]}]},{"@type":"BreadcrumbList","@id":"https:\/\/theworldinstamps.com\/?p=6047&lang=fr#breadcrumb","itemListElement":[{"@type":"ListItem","position":1,"name":"Home","item":"https:\/\/theworldinstamps.com\/?lang=ar"},{"@type":"ListItem","position":2,"name":"L&#8217;ann\u00e9e de la coop\u00e9ration internationale : Sharjah 1965"}]},{"@type":"WebSite","@id":"https:\/\/theworldinstamps.com\/#website","url":"https:\/\/theworldinstamps.com\/","name":"The World In Stamps","description":"A journey in a stamps collection","publisher":{"@id":"https:\/\/theworldinstamps.com\/#\/schema\/person\/c0611d31792a5362356c7b1e1c4a0f17"},"potentialAction":[{"@type":"SearchAction","target":{"@type":"EntryPoint","urlTemplate":"https:\/\/theworldinstamps.com\/?s={search_term_string}"},"query-input":"required name=search_term_string"}],"inLanguage":"en-US"},{"@type":["Person","Organization"],"@id":"https:\/\/theworldinstamps.com\/#\/schema\/person\/c0611d31792a5362356c7b1e1c4a0f17","name":"TWinSAdmin","image":{"@type":"ImageObject","inLanguage":"en-US","@id":"https:\/\/theworldinstamps.com\/#\/schema\/person\/image\/","url":"https:\/\/i0.wp.com\/theworldinstamps.com\/wp-content\/uploads\/2020\/07\/Site_Icon5-1.png?fit=512%2C512&ssl=1","contentUrl":"https:\/\/i0.wp.com\/theworldinstamps.com\/wp-content\/uploads\/2020\/07\/Site_Icon5-1.png?fit=512%2C512&ssl=1","width":512,"height":512,"caption":"TWinSAdmin"},"logo":{"@id":"https:\/\/theworldinstamps.com\/#\/schema\/person\/image\/"},"sameAs":["https:\/\/www.facebook.com\/TheWorldInStamps","https:\/\/www.pinterest.fr\/safwanq\/","https:\/\/twitter.com\/https:\/\/twitter.com\/stamps_world"],"url":"https:\/\/theworldinstamps.com\/?author=1"}]}},"jetpack_featured_media_url":"https:\/\/i0.wp.com\/theworldinstamps.com\/wp-content\/uploads\/2021\/10\/Sharjah-1965-Year_of_international_Cooperation.jpg?fit=1200%2C628&ssl=1","jetpack-related-posts":[{"id":2841,"url":"https:\/\/theworldinstamps.com\/?p=2841&lang=fr","url_meta":{"origin":6047,"position":0},"title":"Ann\u00e9e internationale des droits de l&#8217;homme: 1968","date":"July 22, 2020","format":false,"excerpt":"L\u2019Assembl\u00e9e g\u00e9n\u00e9rale a adopt\u00e9 \u00e0 l\u2019unanimit\u00e9 la d\u00e9cision de d\u00e9clarer 1968 Ann\u00e9e internationale des droits de l\u2019homme.","rel":"","context":"In &quot;Egypt&quot;","img":{"alt_text":"","src":"https:\/\/i0.wp.com\/theworldinstamps.com\/wp-content\/uploads\/2019\/11\/UAR-1968-HumanRightsYear.jpg?resize=350%2C200&ssl=1","width":350,"height":200},"classes":[]},{"id":3948,"url":"https:\/\/theworldinstamps.com\/?p=3948&lang=fr","url_meta":{"origin":6047,"position":1},"title":"Paysages et monuments de l&#8217;Emirat de Sharjah 1964","date":"July 17, 2021","format":false,"excerpt":"Une s\u00e9rie de six timbres-poste \u00e9mis en 1964 montrant les sites et monuments de l'\u00c9mirat de Sharjah, qui devint plus tard une partie des \u00c9mirats arabes unis.","rel":"","context":"In &quot;Emirats Arabes Unis&quot;","img":{"alt_text":"Sharjah Landscapes 1964","src":"https:\/\/i0.wp.com\/theworldinstamps.com\/wp-content\/uploads\/2021\/07\/Sharjah-1-6-Icon1.png?fit=450%2C300&ssl=1&resize=350%2C200","width":350,"height":200},"classes":[]},{"id":11974,"url":"https:\/\/theworldinstamps.com\/?p=11974&lang=fr","url_meta":{"origin":6047,"position":2},"title":"La Journ\u00e9e internationale de solidarit\u00e9 avec le peuple palestinien: Koweit 1979","date":"November 29, 2024","format":false,"excerpt":"La journ\u00e9e de solidarit\u00e9 avec le peuple palestinien montre le soutien de la communaut\u00e9 internationale \u00e0 la paix et \u00e0 la justice en Palestine.","rel":"","context":"In &quot;Koweit&quot;","img":{"alt_text":"International Day of Solidarity with the Palestinian People, Kuwait-1979","src":"https:\/\/i0.wp.com\/theworldinstamps.com\/wp-content\/uploads\/2024\/11\/Kuwait-1979-827_Icon.jpg?fit=1200%2C900&ssl=1&resize=350%2C200","width":350,"height":200},"classes":[]},{"id":2575,"url":"https:\/\/theworldinstamps.com\/?p=2575&lang=fr","url_meta":{"origin":6047,"position":3},"title":"R\u00e9publique Arabe Unie 1964: Drapeaux Arabes \u2013 La Jordanie","date":"May 25, 2020","format":false,"excerpt":"En 1964, la R\u00e9publique arabe unie a \u00e9mis une s\u00e9rie de timbres portant les drapeaux des \u00e9tats arabes . Ici le timbre du drapeau de la Jordanie.","rel":"","context":"In &quot;Egypt&quot;","img":{"alt_text":"Flag of Jordan","src":"https:\/\/i0.wp.com\/theworldinstamps.com\/wp-content\/uploads\/2020\/05\/UAR-1964-Flags-YT-621-900px-Icon.jpg?fit=450%2C340&ssl=1&resize=350%2C200","width":350,"height":200},"classes":[]},{"id":2349,"url":"https:\/\/theworldinstamps.com\/?p=2349&lang=fr","url_meta":{"origin":6047,"position":4},"title":"Bureaux de poste britanniques au Maroc: 1935","date":"May 16, 2020","format":false,"excerpt":"Au Maroc, les bureaux de poste britanniques utilisaient des timbres britanniques avec une surcharge \u00abAgences du Maroc\u00bb et parfois avec une valeur en monnaies fran\u00e7aise ou espagnoles.","rel":"","context":"In &quot;Maroc&quot;","img":{"alt_text":"Morocco 1935- British stamps","src":"https:\/\/i0.wp.com\/theworldinstamps.com\/wp-content\/uploads\/2020\/05\/Morocco-GB-1935-YT229_Icon-2.jpg?fit=450%2C340&ssl=1&resize=350%2C200","width":350,"height":200},"classes":[]},{"id":5798,"url":"https:\/\/theworldinstamps.com\/?p=5798&lang=fr","url_meta":{"origin":6047,"position":5},"title":"l&#8217;UNESCO sauve les temples pharaoniques en Nubie\u00a0: Kowe\u00eft 1964","date":"February 4, 2022","format":false,"excerpt":"En 1960, l'UNESCO a lanc\u00e9 une campagne pour sauver les temples pharaoniques en Nubie. Le Kowe\u00eft a \u00e9mis 3 timbres pour financer la campagne.","rel":"","context":"In &quot;Koweit&quot;","img":{"alt_text":"","src":"https:\/\/i0.wp.com\/theworldinstamps.com\/wp-content\/uploads\/2022\/02\/Kuwait-1964-YT-233-235-Icon-1.jpg?fit=1200%2C800&ssl=1&resize=350%2C200","width":350,"height":200},"classes":[]}],"_links":{"self":[{"href":"https:\/\/theworldinstamps.com\/index.php?rest_route=\/wp\/v2\/posts\/6047","targetHints":{"allow":["GET"]}}],"collection":[{"href":"https:\/\/theworldinstamps.com\/index.php?rest_route=\/wp\/v2\/posts"}],"about":[{"href":"https:\/\/theworldinstamps.com\/index.php?rest_route=\/wp\/v2\/types\/post"}],"author":[{"embeddable":true,"href":"https:\/\/theworldinstamps.com\/index.php?rest_route=\/wp\/v2\/users\/1"}],"replies":[{"embeddable":true,"href":"https:\/\/theworldinstamps.com\/index.php?rest_route=%2Fwp%2Fv2%2Fcomments&post=6047"}],"version-history":[{"count":21,"href":"https:\/\/theworldinstamps.com\/index.php?rest_route=\/wp\/v2\/posts\/6047\/revisions"}],"predecessor-version":[{"id":6096,"href":"https:\/\/theworldinstamps.com\/index.php?rest_route=\/wp\/v2\/posts\/6047\/revisions\/6096"}],"wp:featuredmedia":[{"embeddable":true,"href":"https:\/\/theworldinstamps.com\/index.php?rest_route=\/wp\/v2\/media\/5490"}],"wp:attachment":[{"href":"https:\/\/theworldinstamps.com\/index.php?rest_route=%2Fwp%2Fv2%2Fmedia&parent=6047"}],"wp:term":[{"taxonomy":"category","embeddable":true,"href":"https:\/\/theworldinstamps.com\/index.php?rest_route=%2Fwp%2Fv2%2Fcategories&post=6047"},{"taxonomy":"post_tag","embeddable":true,"href":"https:\/\/theworldinstamps.com\/index.php?rest_route=%2Fwp%2Fv2%2Ftags&post=6047"}],"curies":[{"name":"wp","href":"https:\/\/api.w.org\/{rel}","templated":true}]}}